{"id":1990,"date":"2026-04-29T06:30:30","date_gmt":"2026-04-29T09:30:30","guid":{"rendered":"https:\/\/vagas.portalemprego.com.br\/?p=1990"},"modified":"2026-04-29T06:30:30","modified_gmt":"2026-04-29T09:30:30","slug":"assistente-de-dp-foco-em-rotinas-trabalhistas-barra-da-tijuca-rj-recursos-humanos-rio-de-janeiro","status":"publish","type":"post","link":"https:\/\/vagas.portalemprego.com.br\/?p=1990","title":{"rendered":"Assistente de DP &#8211; Foco em Rotinas Trabalhistas &#8211; Barra da Tijuca\/RJ &#8211; Recursos Humanos &#8211; Rio de Janeiro"},"content":{"rendered":"<p>A PDV Quality, ag\u00eancia especializada em Trade Marketing e Merchandising, est\u00e1 em busca de Assistente de DP para fazer parte da nossa equipe.<br \/>\nAtribui\u00e7\u00f5es:<br \/>\nConduzir processos demissionais, incluindo, c\u00e1lculos rescis\u00f3rios, aviso pr\u00e9vio e demais direitos trabalhistas, al\u00e9m de conferir e providenciar recolhimentos de FGTS, INSS e outros encargos obrigat\u00f3rios.<br \/>\nAcompanha homologa\u00e7\u00f5es quando necess\u00e1rio, presta orienta\u00e7\u00e3o a gestores mantendo sigilo e \u00e9tica. Atua junto aos gestores na aplica\u00e7\u00e3o de san\u00e7\u00f5es e advert\u00eancias, garantindo que medidas disciplinares estejam alinhadas \u00e0s pol\u00edticas internas e \u00e0 legisla\u00e7\u00e3o.<br \/>\nPerfil que buscamos:<br \/>\nProfissional organizada, proativa e com senso de urg\u00eancia. Boa comunica\u00e7\u00e3o interpessoal, aten\u00e7\u00e3o aos detalhes e habilidade para lidar com diferentes perfis. Perfil din\u00e2mico, comprometido e com interesse em desenvolvimento na \u00e1rea de Departamento Pessoal.<br \/>\nPrincipais responsabilidades:<br \/>\nConduzir processos demissionais, realizando c\u00e1lculos rescis\u00f3rios completos, incluindo saldo de sal\u00e1rio, f\u00e9rias proporcionais, 13\u00ba sal\u00e1rio, aviso pr\u00e9vio e demais direitos trabalhistas;<br \/>\nConferir e providenciar recolhimentos de FGTS, INSS e outros encargos obrigat\u00f3rios;<br \/>\nAcompanhar homologa\u00e7\u00f5es de rescis\u00e3o quando necess\u00e1rio;<br \/>\nPrestar orienta\u00e7\u00e3o a gestores e colaboradores sobre procedimentos, mantendo sigilo e \u00e9tica;<br \/>\nAtuar junto aos gestores na aplica\u00e7\u00e3o de san\u00e7\u00f5es e advert\u00eancias, garantindo que as medidas disciplinares estejam alinhadas \u00e0s pol\u00edticas internas e \u00e0 legisla\u00e7\u00e3o.<br \/>\nRequisitos e Qualifica\u00e7\u00f5es:<br \/>\nEstar cursando ou j\u00e1 conclu\u00eddo \u2014 RH, Administra\u00e7\u00e3o ou \u00e1reas afins;<br \/>\nExperi\u00eancia m\u00ednima de 1 ano na \u00e1rea;<br \/>\nNo\u00e7\u00f5es b\u00e1sicas de Inform\u00e1tica e Pacote Office (Principalmente Excel);<br \/>\nPerfil detalhista, \u00e9tico, proativo, e boa organiza\u00e7\u00e3o.<br \/>\nEspecifica\u00e7\u00f5es:<br \/>\nTipo de vaga: Efetivo CLT<br \/>\nCarga hor\u00e1ria: Seg a Qui, 08h \u00e0s 18h &#8211; Sex, 08h \u00e0s 17h<br \/>\nSal\u00e1rio: R$2.010,02 por m\u00eas<br \/>\nBenef\u00edcios:<br \/>\nPremia\u00e7\u00e3o (Ap\u00f3s 3 meses);<br \/>\nVale Alimenta\u00e7\u00e3o\/Refei\u00e7\u00e3o;<br \/>\nCesta b\u00e1sica;<br \/>\nChip corporativo;<br \/>\nPlano de Sa\u00fade (Amil Ouro);<br \/>\nPlano Odontol\u00f3gico (Bradesco);<br \/>\nConv\u00eanio Est\u00e1cio;<br \/>\nConv\u00eanio Sesc;<br \/>\nTotal Pass.<\/p>\n<p>Por que trabalhar com a gente?<br \/>\nNa PDV Quality, voc\u00ea ter\u00e1 a oportunidade de atuar com grandes marcas, participar de a\u00e7\u00f5es de visibilidade e executar estrat\u00e9gias no ponto de venda, com muito aprendizado no dia a dia, treinamentos e oportunidades de crescimento junto com a empresa. Acreditamos em pessoas que fazem acontecer e valorizamos profissionais que entregam resultados com paix\u00e3o, comprometimento e excel\u00eancia.<\/p>\n<p>Gostou da vaga? Ent\u00e3o envie seu curr\u00edculo e venha transformar o ponto de venda com a gente!<\/p>\n<ul>\n<li>Local de trabalho: Rio de Janeiro, RJ<\/li>\n<li>Regime de contrata\u00e7\u00e3o de tipo: Efetivo \u2013 CLT<\/li>\n<li>Jornada: Per\u00edodo Integral<\/li>\n<li>\u00c1rea e especializa\u00e7\u00e3o profissional: Recursos Humanos &#8211; Departamento Pessoal<\/li>\n<li>N\u00edvel hier\u00e1rquico: Assistente<\/li>\n<\/ul>\n<p>Escolaridade M\u00ednima: Ensino Superior<\/p>\n<ul>\n<li>Cesta B\u00e1sica<\/li>\n<li>Premia\u00e7\u00e3o<\/li>\n<li>Conv\u00eanio Sesc<\/li>\n<li>Conv\u00eanio Est\u00e1cio<\/li>\n<li>Plano de Sa\u00fade<\/li>\n<li>Vale Transporte<\/li>\n<li>Vale Alimenta\u00e7\u00e3o<\/li>\n<li>Total pass<\/li>\n<li>Plano Odontol\u00f3gico<\/li>\n<\/ul>\n<p>Sal\u00e1rio: 2010,02<\/p>\n","protected":false},"excerpt":{"rendered":"<p>A PDV Quality, ag\u00eancia especializada em Trade Marketing e Merchandising, est\u00e1 em busca de Assistente de DP para fazer parte da nossa equipe. Atribui\u00e7\u00f5es: Conduzir processos demissionais, incluindo, c\u00e1lculos rescis\u00f3rios, aviso pr\u00e9vio e demais direitos trabalhistas, al\u00e9m de conferir e providenciar recolhimentos de FGTS, INSS e outros encargos obrigat\u00f3rios. Acompanha homologa\u00e7\u00f5es quando necess\u00e1rio, presta orienta\u00e7\u00e3o [&hellip;]<\/p>\n","protected":false},"author":1,"featured_media":0,"comment_status":"open","ping_status":"open","sticky":false,"template":"","format":"standard","meta":{"footnotes":""},"categories":[21],"tags":[],"class_list":["post-1990","post","type-post","status-publish","format-standard","hentry","category-rio-de-janeiro-rj"],"_links":{"self":[{"href":"https:\/\/vagas.portalemprego.com.br\/index.php?rest_route=\/wp\/v2\/posts\/1990","targetHints":{"allow":["GET"]}}],"collection":[{"href":"https:\/\/vagas.portalemprego.com.br\/index.php?rest_route=\/wp\/v2\/posts"}],"about":[{"href":"https:\/\/vagas.portalemprego.com.br\/index.php?rest_route=\/wp\/v2\/types\/post"}],"author":[{"embeddable":true,"href":"https:\/\/vagas.portalemprego.com.br\/index.php?rest_route=\/wp\/v2\/users\/1"}],"replies":[{"embeddable":true,"href":"https:\/\/vagas.portalemprego.com.br\/index.php?rest_route=%2Fwp%2Fv2%2Fcomments&post=1990"}],"version-history":[{"count":0,"href":"https:\/\/vagas.portalemprego.com.br\/index.php?rest_route=\/wp\/v2\/posts\/1990\/revisions"}],"wp:attachment":[{"href":"https:\/\/vagas.portalemprego.com.br\/index.php?rest_route=%2Fwp%2Fv2%2Fmedia&parent=1990"}],"wp:term":[{"taxonomy":"category","embeddable":true,"href":"https:\/\/vagas.portalemprego.com.br\/index.php?rest_route=%2Fwp%2Fv2%2Fcategories&post=1990"},{"taxonomy":"post_tag","embeddable":true,"href":"https:\/\/vagas.portalemprego.com.br\/index.php?rest_route=%2Fwp%2Fv2%2Ftags&post=1990"}],"curies":[{"name":"wp","href":"https:\/\/api.w.org\/{rel}","templated":true}]}}