{"id":1991,"date":"2026-04-29T06:30:30","date_gmt":"2026-04-29T09:30:30","guid":{"rendered":"https:\/\/vagas.portalemprego.com.br\/?p=1991"},"modified":"2026-04-29T06:30:30","modified_gmt":"2026-04-29T09:30:30","slug":"analista-contabil-senior-contabil-financas-economia-rio-de-janeiro","status":"publish","type":"post","link":"https:\/\/vagas.portalemprego.com.br\/?p=1991","title":{"rendered":"Analista Cont\u00e1bil S\u00eanior &#8211; Cont\u00e1bil, Finan\u00e7as, Economia &#8211; Rio de Janeiro"},"content":{"rendered":"<p>Buscamos um(a) Analista Cont\u00e1bil S\u00eanior para atuar em um grupo de varejo com opera\u00e7\u00e3o relevante e ambiente din\u00e2mico, sendo respons\u00e1vel pelo fechamento cont\u00e1bil, concilia\u00e7\u00f5es e suporte \u00e0s rotinas fiscais, garantindo a conformidade das informa\u00e7\u00f5es financeiras e cont\u00e1beis da companhia. A posi\u00e7\u00e3o ter\u00e1 participa\u00e7\u00e3o ativa na evolu\u00e7\u00e3o dos processos cont\u00e1beis e na adapta\u00e7\u00e3o \u00e0 Reforma Tribut\u00e1ria, com interface direta com \u00e1reas internas, auditorias e time fiscal.<\/p>\n<p>Principais responsabilidades:<br \/>\n&#8211; Executar e revisar fechamentos cont\u00e1beis mensais, trimestrais e anuais;<br \/>\n&#8211; Elaborar e analisar demonstra\u00e7\u00f5es financeiras conforme CPC\/IFRS;<br \/>\n&#8211; Realizar concilia\u00e7\u00f5es cont\u00e1beis patrimoniais e de resultado;<br \/>\n&#8211; Garantir a correta classifica\u00e7\u00e3o cont\u00e1bil de despesas, provis\u00f5es e centros de custo;<br \/>\n&#8211; Apoiar a apura\u00e7\u00e3o de tributos e valida\u00e7\u00e3o das obriga\u00e7\u00f5es acess\u00f3rias junto ao time fiscal;<br \/>\n&#8211; Atuar na integra\u00e7\u00e3o cont\u00e1bil-fiscal (SPED, ECD, ECF);<br \/>\n&#8211; Apoiar auditorias internas e externas, com prepara\u00e7\u00e3o de documentos e an\u00e1lises;<br \/>\n&#8211; Participar de melhorias de processos, controles internos e automa\u00e7\u00f5es;<br \/>\n&#8211; Apoiar an\u00e1lises cont\u00e1beis de opera\u00e7\u00f5es como intercompany, transfer\u00eancias e e-commerce;<br \/>\n&#8211; Participar de projetos relacionados \u00e0 Reforma Tribut\u00e1ria (CBS\/IBS).<br \/>\nRequisitos obrigat\u00f3rios:<br \/>\n&#8211; Forma\u00e7\u00e3o superior completa em Ci\u00eancias Cont\u00e1beis;<br \/>\n&#8211; Experi\u00eancia s\u00f3lida em fechamento cont\u00e1bil;<br \/>\n&#8211; Viv\u00eancia com concilia\u00e7\u00f5es cont\u00e1beis e elabora\u00e7\u00e3o de demonstra\u00e7\u00f5es financeiras;<br \/>\n&#8211; Experi\u00eancia com SPED (ECD e ECF);<br \/>\n&#8211; Conhecimento em CPC\/IFRS;<br \/>\n&#8211; Excel intermedi\u00e1rio\/avan\u00e7ado;<br \/>\n&#8211; Experi\u00eancia com ERP (SAP, TOTVS, Oracle ou similares).<\/p>\n<p>Diferenciais:<br \/>\n&#8211; Experi\u00eancia com integra\u00e7\u00e3o cont\u00e1bil-fiscal;<br \/>\n&#8211; Viv\u00eancia em empresas de varejo ou grande volume transacional;<br \/>\n&#8211; Conhecimento em Reforma Tribut\u00e1ria;<br \/>\n&#8211; Conhecimento em Power BI;<br \/>\n&#8211; CRC ativo;<br \/>\n&#8211; P\u00f3s-gradua\u00e7\u00e3o ou MBA em \u00e1reas correlatas.<\/p>\n<p>Benef\u00edcios:<br \/>\n&#8211; Cart\u00e3o Caju: R$ 270\/m\u00eas;<br \/>\n&#8211; B\u00f4nus de anivers\u00e1rio;<br \/>\n&#8211; 50% de desconto em produtos da marca.<\/p>\n<ul>\n<li>Local de trabalho: Rio de Janeiro, RJ<\/li>\n<li>Regime de contrata\u00e7\u00e3o de tipo: Efetivo \u2013 CLT<\/li>\n<li>Jornada: Per\u00edodo Integral<\/li>\n<li>\u00c1rea e especializa\u00e7\u00e3o profissional: Cont\u00e1bil, Finan\u00e7as, Economia &#8211; Contabilidade<\/li>\n<li>N\u00edvel hier\u00e1rquico: Analista<\/li>\n<\/ul>\n<p>Escolaridade M\u00ednima: Ensino Superior<\/p>\n","protected":false},"excerpt":{"rendered":"<p>Buscamos um(a) Analista Cont\u00e1bil S\u00eanior para atuar em um grupo de varejo com opera\u00e7\u00e3o relevante e ambiente din\u00e2mico, sendo respons\u00e1vel pelo fechamento cont\u00e1bil, concilia\u00e7\u00f5es e suporte \u00e0s rotinas fiscais, garantindo a conformidade das informa\u00e7\u00f5es financeiras e cont\u00e1beis da companhia. A posi\u00e7\u00e3o ter\u00e1 participa\u00e7\u00e3o ativa na evolu\u00e7\u00e3o dos processos cont\u00e1beis e na adapta\u00e7\u00e3o \u00e0 Reforma Tribut\u00e1ria, [&hellip;]<\/p>\n","protected":false},"author":1,"featured_media":0,"comment_status":"open","ping_status":"open","sticky":false,"template":"","format":"standard","meta":{"footnotes":""},"categories":[21],"tags":[],"class_list":["post-1991","post","type-post","status-publish","format-standard","hentry","category-rio-de-janeiro-rj"],"_links":{"self":[{"href":"https:\/\/vagas.portalemprego.com.br\/index.php?rest_route=\/wp\/v2\/posts\/1991","targetHints":{"allow":["GET"]}}],"collection":[{"href":"https:\/\/vagas.portalemprego.com.br\/index.php?rest_route=\/wp\/v2\/posts"}],"about":[{"href":"https:\/\/vagas.portalemprego.com.br\/index.php?rest_route=\/wp\/v2\/types\/post"}],"author":[{"embeddable":true,"href":"https:\/\/vagas.portalemprego.com.br\/index.php?rest_route=\/wp\/v2\/users\/1"}],"replies":[{"embeddable":true,"href":"https:\/\/vagas.portalemprego.com.br\/index.php?rest_route=%2Fwp%2Fv2%2Fcomments&post=1991"}],"version-history":[{"count":0,"href":"https:\/\/vagas.portalemprego.com.br\/index.php?rest_route=\/wp\/v2\/posts\/1991\/revisions"}],"wp:attachment":[{"href":"https:\/\/vagas.portalemprego.com.br\/index.php?rest_route=%2Fwp%2Fv2%2Fmedia&parent=1991"}],"wp:term":[{"taxonomy":"category","embeddable":true,"href":"https:\/\/vagas.portalemprego.com.br\/index.php?rest_route=%2Fwp%2Fv2%2Fcategories&post=1991"},{"taxonomy":"post_tag","embeddable":true,"href":"https:\/\/vagas.portalemprego.com.br\/index.php?rest_route=%2Fwp%2Fv2%2Ftags&post=1991"}],"curies":[{"name":"wp","href":"https:\/\/api.w.org\/{rel}","templated":true}]}}