{"id":1992,"date":"2026-04-29T06:30:30","date_gmt":"2026-04-29T09:30:30","guid":{"rendered":"https:\/\/vagas.portalemprego.com.br\/?p=1992"},"modified":"2026-04-29T06:30:30","modified_gmt":"2026-04-29T09:30:30","slug":"auxiliar-de-servicos-gerais-servicos-gerais-rio-de-janeiro-23","status":"publish","type":"post","link":"https:\/\/vagas.portalemprego.com.br\/?p=1992","title":{"rendered":"Auxiliar de Servi\u00e7os Gerais &#8211; Servi\u00e7os Gerais &#8211; Rio de Janeiro"},"content":{"rendered":"<p>Nosso time de ASG est\u00e1 precisando de mais um integrante! <\/p>\n<p>Sua receita padr\u00e3o (atividades di\u00e1rias):<\/p>\n<p>-Limpeza e Manuten\u00e7\u00e3o<\/p>\n<p>-Recolhimento de lixo e descarte adequado.<\/p>\n<p>-Higieniza\u00e7\u00e3o de banheiros e reposi\u00e7\u00e3o de materiais de higiene<\/p>\n<p>-Aspira\u00e7\u00e3o e\/ou varri\u00e7\u00e3o das \u00e1reas comuns<\/p>\n<p>-Limpeza de \u00e1reas de conviv\u00eancia, como salas de reuni\u00e3o ou \u00e1reas de descanso.<\/p>\n<p>-Organiza\u00e7\u00e3o de materiais e utens\u00edlios nos locais designados.<\/p>\n<p>-Reposi\u00e7\u00e3o de materiais de escrit\u00f3rio, como papel higi\u00eanico, sabonetes, entre outros.<\/p>\n<p>-Arruma\u00e7\u00e3o de m\u00f3veis e itens para manter o espa\u00e7o organizado.<\/p>\n<p>-Aux\u00edlio em Pequenas Manuten\u00e7\u00f5es: Troca de l\u00e2mpadas e reparos simples. <\/p>\n<p>-Verifica\u00e7\u00e3o de problemas b\u00e1sicos de funcionamento, como vazamentos ou falhas el\u00e9tricas, reportando ao setor respons\u00e1vel.<\/p>\n<p>&#8211; Seguir os protocolos de seguran\u00e7a e higiene, especialmente no manuseio de produtos qu\u00edmicos de limpeza e equipamentos.<\/p>\n<p>-Reportar a necessidade de materiais de limpeza ou manuten\u00e7\u00e3o.<\/p>\n<p>-Comunicar eventuais problemas ou irregularidades encontradas durante as atividades.<\/p>\n<p>-Higieniza\u00e7\u00e3o das \u00e1reas de produ\u00e7\u00e3o, especialmente onde h\u00e1 manipula\u00e7\u00e3o de alimentos, garantindo a limpeza rigorosa para evitar contamina\u00e7\u00e3o cruzada.<\/p>\n<p>-Coleta e descarte apropriado de res\u00edduos org\u00e2nicos ou outros materiais descartados durante o processo de produ\u00e7\u00e3o.<\/p>\n<p>-Entre outras atividades relacionadas a \u00e1rea de atua\u00e7\u00e3o em geral<\/p>\n<p>Ingredientes espec\u00edficos que estamos procurando (Soft e hard skills)<\/p>\n<p>-Aten\u00e7\u00e3o aos Detalhes<\/p>\n<p>-Proatividade<\/p>\n<p>-Trabalho em Equipe<\/p>\n<p>-Flexibilidade<\/p>\n<p>-\u00c9tica Profissional<\/p>\n<p>-Boas Habilidades de Comunica\u00e7\u00e3o<\/p>\n<p>Para tirar onda (diferenciais):<\/p>\n<p>J\u00e1 ter atuado na \u00e1rea \u00e9 um diferencial!!<\/p>\n<ul>\n<li>Local de trabalho: Rio de Janeiro, RJ<\/li>\n<li>Regime de contrata\u00e7\u00e3o de tipo: Efetivo \u2013 CLT<\/li>\n<li>Jornada: Per\u00edodo Integral<\/li>\n<li>\u00c1rea e especializa\u00e7\u00e3o profissional: Servi\u00e7os Gerais &#8211; Limpeza<\/li>\n<li>N\u00edvel hier\u00e1rquico: Auxiliar<\/li>\n<\/ul>\n<p>Escolaridade M\u00ednima: Ensino Fundamental (1\u00ba grau)<\/p>\n<ul>\n<li>Wellhub (Gympass)<\/li>\n<li>Alimenta\u00e7\u00e3o no local<\/li>\n<li>Vale Transporte<\/li>\n<li>Cesta B\u00e1sica<\/li>\n<li>Plano de Sa\u00fade<\/li>\n<li>Plano Odontol\u00f3gico<\/li>\n<\/ul>\n","protected":false},"excerpt":{"rendered":"<p>Nosso time de ASG est\u00e1 precisando de mais um integrante! Sua receita padr\u00e3o (atividades di\u00e1rias): -Limpeza e Manuten\u00e7\u00e3o -Recolhimento de lixo e descarte adequado. -Higieniza\u00e7\u00e3o de banheiros e reposi\u00e7\u00e3o de materiais de higiene -Aspira\u00e7\u00e3o e\/ou varri\u00e7\u00e3o das \u00e1reas comuns -Limpeza de \u00e1reas de conviv\u00eancia, como salas de reuni\u00e3o ou \u00e1reas de descanso. -Organiza\u00e7\u00e3o de materiais [&hellip;]<\/p>\n","protected":false},"author":1,"featured_media":0,"comment_status":"open","ping_status":"open","sticky":false,"template":"","format":"standard","meta":{"footnotes":""},"categories":[21],"tags":[],"class_list":["post-1992","post","type-post","status-publish","format-standard","hentry","category-rio-de-janeiro-rj"],"_links":{"self":[{"href":"https:\/\/vagas.portalemprego.com.br\/index.php?rest_route=\/wp\/v2\/posts\/1992","targetHints":{"allow":["GET"]}}],"collection":[{"href":"https:\/\/vagas.portalemprego.com.br\/index.php?rest_route=\/wp\/v2\/posts"}],"about":[{"href":"https:\/\/vagas.portalemprego.com.br\/index.php?rest_route=\/wp\/v2\/types\/post"}],"author":[{"embeddable":true,"href":"https:\/\/vagas.portalemprego.com.br\/index.php?rest_route=\/wp\/v2\/users\/1"}],"replies":[{"embeddable":true,"href":"https:\/\/vagas.portalemprego.com.br\/index.php?rest_route=%2Fwp%2Fv2%2Fcomments&post=1992"}],"version-history":[{"count":0,"href":"https:\/\/vagas.portalemprego.com.br\/index.php?rest_route=\/wp\/v2\/posts\/1992\/revisions"}],"wp:attachment":[{"href":"https:\/\/vagas.portalemprego.com.br\/index.php?rest_route=%2Fwp%2Fv2%2Fmedia&parent=1992"}],"wp:term":[{"taxonomy":"category","embeddable":true,"href":"https:\/\/vagas.portalemprego.com.br\/index.php?rest_route=%2Fwp%2Fv2%2Fcategories&post=1992"},{"taxonomy":"post_tag","embeddable":true,"href":"https:\/\/vagas.portalemprego.com.br\/index.php?rest_route=%2Fwp%2Fv2%2Ftags&post=1992"}],"curies":[{"name":"wp","href":"https:\/\/api.w.org\/{rel}","templated":true}]}}