{"id":1994,"date":"2026-04-29T06:30:30","date_gmt":"2026-04-29T09:30:30","guid":{"rendered":"https:\/\/vagas.portalemprego.com.br\/?p=1994"},"modified":"2026-04-29T06:30:30","modified_gmt":"2026-04-29T09:30:30","slug":"promotor-de-vendas-comercial-vendas-rio-de-janeiro-4","status":"publish","type":"post","link":"https:\/\/vagas.portalemprego.com.br\/?p=1994","title":{"rendered":"Promotor de Vendas &#8211; Comercial, Vendas &#8211; Rio de Janeiro"},"content":{"rendered":"<p>A Jobal Ind\u00fastria est\u00e1 em busca de um(a) Promotor(a) de Vendas Externo para atua\u00e7\u00e3o direta no mercado, com foco em expans\u00e3o, relacionamento e gera\u00e7\u00e3o de neg\u00f3cios.<br \/>\n?? Sobre a empresa<br \/>\nAtuamos no segmento de descart\u00e1veis de papel para food service, atendendo restaurantes, padarias, mercados e redes de alimenta\u00e7\u00e3o com produtos como guardanapos, embalagens, sacos e solu\u00e7\u00f5es personalizadas.<br \/>\n?? Sobre a posi\u00e7\u00e3o<br \/>\nTrata-se de uma fun\u00e7\u00e3o estrat\u00e9gica, com atua\u00e7\u00e3o externa, voltada \u00e0 amplia\u00e7\u00e3o da presen\u00e7a da marca e desenvolvimento do varejo. O profissional ter\u00e1 papel ativo na identifica\u00e7\u00e3o de oportunidades e no fortalecimento da base de clientes.<br \/>\n?? Principais atividades<br \/>\n\u2022 Realizar visitas comerciais e acompanhamento de clientes<br \/>\n\u2022 Prospectar e desenvolver novos neg\u00f3cios<br \/>\n\u2022 Ampliar a presen\u00e7a dos produtos no mercado<br \/>\n\u2022 Fortalecer relacionamento com a carteira ativa<br \/>\n\u2022 Monitorar concorr\u00eancia e movimenta\u00e7\u00f5es de mercado<br \/>\n\u2022 Apoiar o time interno com informa\u00e7\u00f5es estrat\u00e9gicas de campo<\/p>\n<p>?? Requisitos<br \/>\n\u2022 CNH categoria B ativa<br \/>\n\u2022 Ve\u00edculo pr\u00f3prio<br \/>\n\u2022 Viv\u00eancia em atividades externas e perfil comercial<\/p>\n<p>?? Remunera\u00e7\u00e3o<br \/>\n\u2022 Sal\u00e1rio fixo: R$ 3.000,00 + vari\u00e1vel<br \/>\nA posi\u00e7\u00e3o exige dinamismo, consist\u00eancia e foco em resultado.<\/p>\n<ul>\n<li>Local de trabalho: Rio de Janeiro, RJ<\/li>\n<li>Regime de contrata\u00e7\u00e3o de tipo: Efetivo \u2013 CLT<\/li>\n<li>Jornada: Per\u00edodo Integral<\/li>\n<li>\u00c1rea e especializa\u00e7\u00e3o profissional: Comercial, Vendas &#8211; Demonstrador \/ Promotor<\/li>\n<li>N\u00edvel hier\u00e1rquico: Assistente<\/li>\n<\/ul>\n<p>VALORIZADO<\/p>\n<p>Tempo de experi\u00eancia: Entre 5 e 10 anos<\/p>\n<p>HABILIDADES<\/p>\n<ul>\n<li>Estrat\u00e9gias de vendas<\/li>\n<li>Comunica\u00e7\u00e3o comercial<\/li>\n<li>Foco em resultados<\/li>\n<li>Poder de negocia\u00e7\u00e3o<\/li>\n<\/ul>\n<p>Escolaridade M\u00ednima: Ensino Superior<\/p>\n<p>Habilita\u00e7\u00e3o para dirigir: B<\/p>\n<p>Ve\u00edculo pr\u00f3prio<\/p>\n<p>Sal\u00e1rio: 3000,0<\/p>\n","protected":false},"excerpt":{"rendered":"<p>A Jobal Ind\u00fastria est\u00e1 em busca de um(a) Promotor(a) de Vendas Externo para atua\u00e7\u00e3o direta no mercado, com foco em expans\u00e3o, relacionamento e gera\u00e7\u00e3o de neg\u00f3cios. ?? Sobre a empresa Atuamos no segmento de descart\u00e1veis de papel para food service, atendendo restaurantes, padarias, mercados e redes de alimenta\u00e7\u00e3o com produtos como guardanapos, embalagens, sacos e [&hellip;]<\/p>\n","protected":false},"author":1,"featured_media":0,"comment_status":"open","ping_status":"open","sticky":false,"template":"","format":"standard","meta":{"footnotes":""},"categories":[21],"tags":[],"class_list":["post-1994","post","type-post","status-publish","format-standard","hentry","category-rio-de-janeiro-rj"],"_links":{"self":[{"href":"https:\/\/vagas.portalemprego.com.br\/index.php?rest_route=\/wp\/v2\/posts\/1994","targetHints":{"allow":["GET"]}}],"collection":[{"href":"https:\/\/vagas.portalemprego.com.br\/index.php?rest_route=\/wp\/v2\/posts"}],"about":[{"href":"https:\/\/vagas.portalemprego.com.br\/index.php?rest_route=\/wp\/v2\/types\/post"}],"author":[{"embeddable":true,"href":"https:\/\/vagas.portalemprego.com.br\/index.php?rest_route=\/wp\/v2\/users\/1"}],"replies":[{"embeddable":true,"href":"https:\/\/vagas.portalemprego.com.br\/index.php?rest_route=%2Fwp%2Fv2%2Fcomments&post=1994"}],"version-history":[{"count":0,"href":"https:\/\/vagas.portalemprego.com.br\/index.php?rest_route=\/wp\/v2\/posts\/1994\/revisions"}],"wp:attachment":[{"href":"https:\/\/vagas.portalemprego.com.br\/index.php?rest_route=%2Fwp%2Fv2%2Fmedia&parent=1994"}],"wp:term":[{"taxonomy":"category","embeddable":true,"href":"https:\/\/vagas.portalemprego.com.br\/index.php?rest_route=%2Fwp%2Fv2%2Fcategories&post=1994"},{"taxonomy":"post_tag","embeddable":true,"href":"https:\/\/vagas.portalemprego.com.br\/index.php?rest_route=%2Fwp%2Fv2%2Ftags&post=1994"}],"curies":[{"name":"wp","href":"https:\/\/api.w.org\/{rel}","templated":true}]}}