{"id":1996,"date":"2026-04-29T06:30:30","date_gmt":"2026-04-29T09:30:30","guid":{"rendered":"https:\/\/vagas.portalemprego.com.br\/?p=1996"},"modified":"2026-04-29T06:30:30","modified_gmt":"2026-04-29T09:30:30","slug":"auxiliar-de-salada-alimentacao-gastronomia-rio-de-janeiro","status":"publish","type":"post","link":"https:\/\/vagas.portalemprego.com.br\/?p=1996","title":{"rendered":"Auxiliar de Salada &#8211; Alimenta\u00e7\u00e3o \/ Gastronomia &#8211; Rio de Janeiro"},"content":{"rendered":"<p>RESTAURANTE NO LEBLON CONTRATA: AUXILIAR DE SALADA<br \/>\n Local: Leblon \u2013 RJ<br \/>\n Remunera\u00e7\u00e3o: R$ 1.565 + m\u00e9dia de R$ 900 (vari\u00e1vel)<br \/>\n Turno: Noite<br \/>\nRestaurante com foco em gastronomia brasileira, localizado no Leblon, busca profissional para compor a equipe de cozinha. O ambiente valoriza a qualidade dos alimentos, organiza\u00e7\u00e3o dos processos e o cumprimento rigoroso das boas pr\u00e1ticas.<br \/>\nPrincipais responsabilidades:<br \/>\nPrepara\u00e7\u00e3o e montagem de saladas conforme padr\u00e3o da casa;<br \/>\nHigieniza\u00e7\u00e3o e corte de alimentos;<br \/>\nOrganiza\u00e7\u00e3o e reposi\u00e7\u00e3o de insumos da pra\u00e7a;<br \/>\nApoio na limpeza e organiza\u00e7\u00e3o do setor;<br \/>\nCumprimento das normas de higiene e seguran\u00e7a alimentar.<br \/>\nRequisitos:<br \/>\nExperi\u00eancia pr\u00e9via na fun\u00e7\u00e3o ou em cozinha;<br \/>\nAgilidade, organiza\u00e7\u00e3o e aten\u00e7\u00e3o aos detalhes;<br \/>\nComprometimento com padr\u00f5es de qualidade e higiene;<br \/>\nFacilidade para trabalho em equipe.<br \/>\nDiferenciais:<br \/>\nExperi\u00eancia em restaurantes de m\u00e9dio\/alto padr\u00e3o;<br \/>\nConhecimento em boas pr\u00e1ticas de manipula\u00e7\u00e3o de alimentos.<\/p>\n<ul>\n<li>N\u00famero de vagas: 2<\/li>\n<li>Local de trabalho: Rio de Janeiro, RJ<\/li>\n<li>Regime de contrata\u00e7\u00e3o de tipo: Efetivo \u2013 CLT<\/li>\n<li>Jornada: Parcial noites<\/li>\n<li>\u00c1rea e especializa\u00e7\u00e3o profissional: Alimenta\u00e7\u00e3o \/ Gastronomia &#8211; Cozinha<\/li>\n<li>N\u00edvel hier\u00e1rquico: Auxiliar<\/li>\n<\/ul>\n<p>Escolaridade M\u00ednima: Ensino M\u00e9dio (2\u00ba Grau)<\/p>\n<p>Sal\u00e1rio: 2400,0<\/p>\n","protected":false},"excerpt":{"rendered":"<p>RESTAURANTE NO LEBLON CONTRATA: AUXILIAR DE SALADA Local: Leblon \u2013 RJ Remunera\u00e7\u00e3o: R$ 1.565 + m\u00e9dia de R$ 900 (vari\u00e1vel) Turno: Noite Restaurante com foco em gastronomia brasileira, localizado no Leblon, busca profissional para compor a equipe de cozinha. O ambiente valoriza a qualidade dos alimentos, organiza\u00e7\u00e3o dos processos e o cumprimento rigoroso das boas [&hellip;]<\/p>\n","protected":false},"author":1,"featured_media":0,"comment_status":"open","ping_status":"open","sticky":false,"template":"","format":"standard","meta":{"footnotes":""},"categories":[21],"tags":[],"class_list":["post-1996","post","type-post","status-publish","format-standard","hentry","category-rio-de-janeiro-rj"],"_links":{"self":[{"href":"https:\/\/vagas.portalemprego.com.br\/index.php?rest_route=\/wp\/v2\/posts\/1996","targetHints":{"allow":["GET"]}}],"collection":[{"href":"https:\/\/vagas.portalemprego.com.br\/index.php?rest_route=\/wp\/v2\/posts"}],"about":[{"href":"https:\/\/vagas.portalemprego.com.br\/index.php?rest_route=\/wp\/v2\/types\/post"}],"author":[{"embeddable":true,"href":"https:\/\/vagas.portalemprego.com.br\/index.php?rest_route=\/wp\/v2\/users\/1"}],"replies":[{"embeddable":true,"href":"https:\/\/vagas.portalemprego.com.br\/index.php?rest_route=%2Fwp%2Fv2%2Fcomments&post=1996"}],"version-history":[{"count":0,"href":"https:\/\/vagas.portalemprego.com.br\/index.php?rest_route=\/wp\/v2\/posts\/1996\/revisions"}],"wp:attachment":[{"href":"https:\/\/vagas.portalemprego.com.br\/index.php?rest_route=%2Fwp%2Fv2%2Fmedia&parent=1996"}],"wp:term":[{"taxonomy":"category","embeddable":true,"href":"https:\/\/vagas.portalemprego.com.br\/index.php?rest_route=%2Fwp%2Fv2%2Fcategories&post=1996"},{"taxonomy":"post_tag","embeddable":true,"href":"https:\/\/vagas.portalemprego.com.br\/index.php?rest_route=%2Fwp%2Fv2%2Ftags&post=1996"}],"curies":[{"name":"wp","href":"https:\/\/api.w.org\/{rel}","templated":true}]}}