{"id":1998,"date":"2026-04-29T06:30:30","date_gmt":"2026-04-29T09:30:30","guid":{"rendered":"https:\/\/vagas.portalemprego.com.br\/?p=1998"},"modified":"2026-04-29T06:30:30","modified_gmt":"2026-04-29T09:30:30","slug":"encarregado-de-limpeza-botafogo-rj-servicos-gerais-rio-de-janeiro","status":"publish","type":"post","link":"https:\/\/vagas.portalemprego.com.br\/?p=1998","title":{"rendered":"Encarregado de Limpeza &#8211; Botafogo RJ &#8211; Servi\u00e7os Gerais &#8211; Rio de Janeiro"},"content":{"rendered":"<p>Vaga\u00a0Encarregado\u00a0De\u00a0Limpeza\u00a0&#8211;\u00a0Botafogo\u00a0RJ<\/p>\n<p>Vaga:\u00a0Encarregado\u00a0de\u00a0Limpeza<br \/>\nLocal:\u00a0Bairro\u00a0de\u00a0Botafogo\u00a0\u2013\u00a0Rio\u00a0de\u00a0Janeiro\u00a0\u2013\u00a0RJ<br \/>\nTipo\u00a0de\u00a0contrato:\u00a0CLT<br \/>\nHor\u00e1rio:\u00a0Escala\u00a0de\u00a044\u00a0horas\u00a0semanais<br \/>\nSal\u00e1rio:\u00a0Piso\u00a0da\u00a0categoria<br \/>\nDescri\u00e7\u00e3o\u00a0da\u00a0vaga:<br \/>\nEstamos\u00a0em\u00a0busca\u00a0de\u00a0um\u00a0Encarregado\u00a0de\u00a0Limpeza\u00a0para\u00a0apoiar\u00a0a\u00a0supervis\u00e3o\u00a0das\u00a0atividades\u00a0operacionais,\u00a0garantindo\u00a0a\u00a0execu\u00e7\u00e3o\u00a0eficiente\u00a0dos\u00a0servi\u00e7os,\u00a0organiza\u00e7\u00e3o\u00a0da\u00a0equipe\u00a0e\u00a0cumprimento\u00a0dos\u00a0padr\u00f5es\u00a0de\u00a0qualidade\u00a0e\u00a0seguran\u00e7a.<br \/>\nResponsabilidades:<br \/>\nAcompanhar\u00a0e\u00a0orientar\u00a0a\u00a0equipe\u00a0de\u00a0limpeza\u00a0nas\u00a0rotinas\u00a0di\u00e1rias;<br \/>\nDistribuir\u00a0tarefas\u00a0conforme\u00a0cronograma\u00a0definido;<br \/>\nGarantir\u00a0a\u00a0correta\u00a0execu\u00e7\u00e3o\u00a0dos\u00a0servi\u00e7os\u00a0de\u00a0limpeza\u00a0e\u00a0conserva\u00e7\u00e3o;<br \/>\nControlar\u00a0materiais\u00a0e\u00a0solicitar\u00a0reposi\u00e7\u00e3o\u00a0quando\u00a0necess\u00e1rio;<br \/>\nApoiar\u00a0na\u00a0fiscaliza\u00e7\u00e3o\u00a0do\u00a0uso\u00a0adequado\u00a0de\u00a0EPIs;<br \/>\nReportar\u00a0ocorr\u00eancias\u00a0e\u00a0necessidades\u00a0ao\u00a0supervisor;<br \/>\nAuxiliar\u00a0na\u00a0integra\u00e7\u00e3o\u00a0e\u00a0treinamento\u00a0de\u00a0novos\u00a0colaboradores.<br \/>\nRequisitos:<br \/>\nEnsino\u00a0fundamental\u00a0completo\u00a0(desej\u00e1vel\u00a0ensino\u00a0m\u00e9dio);<br \/>\nExperi\u00eancia\u00a0na\u00a0\u00e1rea\u00a0de\u00a0limpeza\u00a0e\/ou\u00a0lideran\u00e7a\u00a0de\u00a0equipe;<br \/>\nConhecimento\u00a0b\u00e1sico\u00a0de\u00a0produtos,\u00a0e\u00a0t\u00e9cnicas\u00a0de\u00a0limpeza\u00a0(\u00a0Tratamento\u00a0de\u00a0piso\u00a0)\u00a0;<br \/>\nOrganiza\u00e7\u00e3o,\u00a0proatividade\u00a0e\u00a0responsabilidade;<br \/>\nBoa\u00a0comunica\u00e7\u00e3o.<br \/>\nDiferenciais:<br \/>\nExperi\u00eancia\u00a0em\u00a0lideran\u00e7a\u00a0de\u00a0equipes\u00a0operacionais;<br \/>\nViv\u00eancia\u00a0em\u00a0ambientes\u00a0industriais,\u00a0hospitalares\u00a0ou\u00a0corporativos;<br \/>\nNo\u00e7\u00f5es\u00a0de\u00a0seguran\u00e7a\u00a0do\u00a0trabalho.<br \/>\nBenef\u00edcios:<br \/>\nVale-alimenta\u00e7\u00e3o\u00a0ou\u00a0vale-refei\u00e7\u00e3o\u00a0de\u00a0R$\u00a025,00\u00a0por\u00a0dia<br \/>\nVale-transporte<br \/>\nSeguro\u00a0de\u00a0vida<br \/>\nPlano\u00a0de\u00a0carreira<br \/>\nPlano\u00a0odontol\u00f3gico\u00a0opcional<br \/>\nConv\u00eanio\u00a0com\u00a0academias<br \/>\nConv\u00eanio\u00a0com\u00a0institui\u00e7\u00f5es\u00a0de\u00a0ensino<br \/>\nComo\u00a0se\u00a0candidatar:<br \/>\nCadastre\u00a0o\u00a0seu\u00a0curr\u00edculo\u00a0em\u00a0nossa\u00a0plataforma.<\/p>\n<ul>\n<li>Local de trabalho: Rio de Janeiro, RJ<\/li>\n<li>Regime de contrata\u00e7\u00e3o de tipo: Efetivo \u2013 CLT<\/li>\n<li>Jornada: Per\u00edodo Integral<\/li>\n<li>\u00c1rea e especializa\u00e7\u00e3o profissional: Servi\u00e7os Gerais &#8211; Limpeza<\/li>\n<li>N\u00edvel hier\u00e1rquico: Encarregado<\/li>\n<\/ul>\n<p>VALORIZADO<\/p>\n<p>Tempo de experi\u00eancia: Entre 1 e 3 anos<\/p>\n<p>Escolaridade M\u00ednima: Ensino Fundamental (1\u00ba grau)<\/p>\n<p>Habilita\u00e7\u00e3o para dirigir: B<\/p>\n<ul>\n<li>Vale-transporte<\/li>\n<li>Vale-alimenta\u00e7\u00e3o<\/li>\n<li>Seguro de Vida<\/li>\n<li>Plano Odontol\u00f3gico<\/li>\n<li>Plano de Carreira<\/li>\n<li>Conv\u00eanio Academia<\/li>\n<li>Conv\u00eanio com institui\u00e7\u00f5es de ensino<\/li>\n<\/ul>\n<p>Sal\u00e1rio: 2161,45<\/p>\n","protected":false},"excerpt":{"rendered":"<p>Vaga\u00a0Encarregado\u00a0De\u00a0Limpeza\u00a0&#8211;\u00a0Botafogo\u00a0RJ Vaga:\u00a0Encarregado\u00a0de\u00a0Limpeza Local:\u00a0Bairro\u00a0de\u00a0Botafogo\u00a0\u2013\u00a0Rio\u00a0de\u00a0Janeiro\u00a0\u2013\u00a0RJ Tipo\u00a0de\u00a0contrato:\u00a0CLT Hor\u00e1rio:\u00a0Escala\u00a0de\u00a044\u00a0horas\u00a0semanais Sal\u00e1rio:\u00a0Piso\u00a0da\u00a0categoria Descri\u00e7\u00e3o\u00a0da\u00a0vaga: Estamos\u00a0em\u00a0busca\u00a0de\u00a0um\u00a0Encarregado\u00a0de\u00a0Limpeza\u00a0para\u00a0apoiar\u00a0a\u00a0supervis\u00e3o\u00a0das\u00a0atividades\u00a0operacionais,\u00a0garantindo\u00a0a\u00a0execu\u00e7\u00e3o\u00a0eficiente\u00a0dos\u00a0servi\u00e7os,\u00a0organiza\u00e7\u00e3o\u00a0da\u00a0equipe\u00a0e\u00a0cumprimento\u00a0dos\u00a0padr\u00f5es\u00a0de\u00a0qualidade\u00a0e\u00a0seguran\u00e7a. Responsabilidades: Acompanhar\u00a0e\u00a0orientar\u00a0a\u00a0equipe\u00a0de\u00a0limpeza\u00a0nas\u00a0rotinas\u00a0di\u00e1rias; Distribuir\u00a0tarefas\u00a0conforme\u00a0cronograma\u00a0definido; Garantir\u00a0a\u00a0correta\u00a0execu\u00e7\u00e3o\u00a0dos\u00a0servi\u00e7os\u00a0de\u00a0limpeza\u00a0e\u00a0conserva\u00e7\u00e3o; Controlar\u00a0materiais\u00a0e\u00a0solicitar\u00a0reposi\u00e7\u00e3o\u00a0quando\u00a0necess\u00e1rio; Apoiar\u00a0na\u00a0fiscaliza\u00e7\u00e3o\u00a0do\u00a0uso\u00a0adequado\u00a0de\u00a0EPIs; Reportar\u00a0ocorr\u00eancias\u00a0e\u00a0necessidades\u00a0ao\u00a0supervisor; Auxiliar\u00a0na\u00a0integra\u00e7\u00e3o\u00a0e\u00a0treinamento\u00a0de\u00a0novos\u00a0colaboradores. Requisitos: Ensino\u00a0fundamental\u00a0completo\u00a0(desej\u00e1vel\u00a0ensino\u00a0m\u00e9dio); Experi\u00eancia\u00a0na\u00a0\u00e1rea\u00a0de\u00a0limpeza\u00a0e\/ou\u00a0lideran\u00e7a\u00a0de\u00a0equipe; Conhecimento\u00a0b\u00e1sico\u00a0de\u00a0produtos,\u00a0e\u00a0t\u00e9cnicas\u00a0de\u00a0limpeza\u00a0(\u00a0Tratamento\u00a0de\u00a0piso\u00a0)\u00a0; Organiza\u00e7\u00e3o,\u00a0proatividade\u00a0e\u00a0responsabilidade; Boa\u00a0comunica\u00e7\u00e3o. Diferenciais: Experi\u00eancia\u00a0em\u00a0lideran\u00e7a\u00a0de\u00a0equipes\u00a0operacionais; Viv\u00eancia\u00a0em\u00a0ambientes\u00a0industriais,\u00a0hospitalares\u00a0ou\u00a0corporativos; No\u00e7\u00f5es\u00a0de\u00a0seguran\u00e7a\u00a0do\u00a0trabalho. Benef\u00edcios: Vale-alimenta\u00e7\u00e3o\u00a0ou\u00a0vale-refei\u00e7\u00e3o\u00a0de\u00a0R$\u00a025,00\u00a0por\u00a0dia Vale-transporte Seguro\u00a0de\u00a0vida Plano\u00a0de\u00a0carreira Plano\u00a0odontol\u00f3gico\u00a0opcional Conv\u00eanio\u00a0com\u00a0academias Conv\u00eanio\u00a0com\u00a0institui\u00e7\u00f5es\u00a0de\u00a0ensino Como\u00a0se\u00a0candidatar: Cadastre\u00a0o\u00a0seu\u00a0curr\u00edculo\u00a0em\u00a0nossa\u00a0plataforma. Local de trabalho: Rio de Janeiro, RJ Regime de contrata\u00e7\u00e3o de tipo: Efetivo \u2013 CLT Jornada: Per\u00edodo Integral \u00c1rea [&hellip;]<\/p>\n","protected":false},"author":1,"featured_media":0,"comment_status":"open","ping_status":"open","sticky":false,"template":"","format":"standard","meta":{"footnotes":""},"categories":[21],"tags":[],"class_list":["post-1998","post","type-post","status-publish","format-standard","hentry","category-rio-de-janeiro-rj"],"_links":{"self":[{"href":"https:\/\/vagas.portalemprego.com.br\/index.php?rest_route=\/wp\/v2\/posts\/1998","targetHints":{"allow":["GET"]}}],"collection":[{"href":"https:\/\/vagas.portalemprego.com.br\/index.php?rest_route=\/wp\/v2\/posts"}],"about":[{"href":"https:\/\/vagas.portalemprego.com.br\/index.php?rest_route=\/wp\/v2\/types\/post"}],"author":[{"embeddable":true,"href":"https:\/\/vagas.portalemprego.com.br\/index.php?rest_route=\/wp\/v2\/users\/1"}],"replies":[{"embeddable":true,"href":"https:\/\/vagas.portalemprego.com.br\/index.php?rest_route=%2Fwp%2Fv2%2Fcomments&post=1998"}],"version-history":[{"count":0,"href":"https:\/\/vagas.portalemprego.com.br\/index.php?rest_route=\/wp\/v2\/posts\/1998\/revisions"}],"wp:attachment":[{"href":"https:\/\/vagas.portalemprego.com.br\/index.php?rest_route=%2Fwp%2Fv2%2Fmedia&parent=1998"}],"wp:term":[{"taxonomy":"category","embeddable":true,"href":"https:\/\/vagas.portalemprego.com.br\/index.php?rest_route=%2Fwp%2Fv2%2Fcategories&post=1998"},{"taxonomy":"post_tag","embeddable":true,"href":"https:\/\/vagas.portalemprego.com.br\/index.php?rest_route=%2Fwp%2Fv2%2Ftags&post=1998"}],"curies":[{"name":"wp","href":"https:\/\/api.w.org\/{rel}","templated":true}]}}