{"id":2127,"date":"2026-04-29T06:25:25","date_gmt":"2026-04-29T09:25:25","guid":{"rendered":"https:\/\/vagas.portalemprego.com.br\/?p=2127"},"modified":"2026-04-29T06:25:25","modified_gmt":"2026-04-29T09:25:25","slug":"analista-de-resseguro-pl-vaga-afirmativa-tambem-para-o-publico-pcd-administracao-rio-de-janeiro","status":"publish","type":"post","link":"https:\/\/vagas.portalemprego.com.br\/?p=2127","title":{"rendered":"Analista de Resseguro Pl &#8211; Vaga afirmativa tamb\u00e9m para o p\u00fablico PCD &#8211; Administra\u00e7\u00e3o &#8211; Rio de Janeiro"},"content":{"rendered":"<p>Responsabilidades e atribui\u00e7\u00f5es<br \/>\nEsta vaga tamb\u00e9m \u00e9 destinada a Pessoas com Defici\u00eancia (PCD). Valorizamos a diversidade e incentivamos a candidatura de profissionais de todos os perfis. Garantir que as funcionalidades entregues estejam alinhadas \u00e0s necessidades operacionais e aos processos da empresa, com foco em opera\u00e7\u00f5es de resseguro. Elaborar cen\u00e1rios e casos de teste considerando impactos nos processos de neg\u00f3cio. Participar das agendas do projeto com vis\u00e3o operacional, contribuindo para valida\u00e7\u00e3o das solu\u00e7\u00f5es. Realizar homologa\u00e7\u00e3o das funcionalidades desenvolvidas, assegurando ader\u00eancia aos requisitos. Identificar riscos e impactos das mudan\u00e7as, propondo ajustes quando necess\u00e1rio. Apoiar na comunica\u00e7\u00e3o entre \u00e1reas de neg\u00f3cio e equipe t\u00e9cnica durante as fases de testes. Garantir documenta\u00e7\u00e3o adequada dos testes e resultados para rastreabilidade. No ManpowerGroup, a sua carreira tem um novo rumo! Se voc\u00ea est\u00e1 em busca de crescimento, desafios e um ambiente que valoriza o seu potencial, venha fazer parte do nosso time. Aqui, cada talento \u00e9 reconhecido e valorizado. Candidate-se agora e transforme seu futuro com a gente !<br \/>\nRequisitos e qualifica\u00e7\u00f5es<br \/>\nInform\u00e1tica: &#8211; (Excel, Acess, Windows, Power Point e Word &#8211; Intermedi\u00e1rio Ensino superior completo. Experi\u00eancia em testes de aceita\u00e7\u00e3o e homologa\u00e7\u00e3o sob a perspectiva de neg\u00f3cio. Conhecimento s\u00f3lido em processos de resseguro e suas particularidades. Portugu\u00eas intermedi\u00e1rio. #TestesDeSoftware #Homologa\u00e7\u00e3o #ProcessosDeNeg\u00f3cio #Gest\u00e3oDeProjetos #QualidadeDeSoftware #VagasManpower<\/p>\n<ul>\n<li>Local de trabalho: Rio de Janeiro, RJ<\/li>\n<li>Regime de contrata\u00e7\u00e3o de tipo: Tempor\u00e1rio<\/li>\n<li>Jornada: Per\u00edodo Integral<\/li>\n<li>\u00c1rea e especializa\u00e7\u00e3o profissional: Administra\u00e7\u00e3o &#8211; Administra\u00e7\u00e3o Geral<\/li>\n<li>N\u00edvel hier\u00e1rquico: Analista<\/li>\n<\/ul>\n<p>Escolaridade M\u00ednima: Ensino Superior<\/p>\n<ul>\n<li>Vale transporte; Vale refei\u00e7\u00e3o:; Conv\u00eanio m\u00e9dico; Plano odontol\u00f3gico; Seguro de vida.<\/li>\n<\/ul>\n<p>Sal\u00e1rio: 7800,0<\/p>\n","protected":false},"excerpt":{"rendered":"<p>Responsabilidades e atribui\u00e7\u00f5es Esta vaga tamb\u00e9m \u00e9 destinada a Pessoas com Defici\u00eancia (PCD). Valorizamos a diversidade e incentivamos a candidatura de profissionais de todos os perfis. Garantir que as funcionalidades entregues estejam alinhadas \u00e0s necessidades operacionais e aos processos da empresa, com foco em opera\u00e7\u00f5es de resseguro. Elaborar cen\u00e1rios e casos de teste considerando impactos [&hellip;]<\/p>\n","protected":false},"author":1,"featured_media":0,"comment_status":"open","ping_status":"open","sticky":false,"template":"","format":"standard","meta":{"footnotes":""},"categories":[21],"tags":[],"class_list":["post-2127","post","type-post","status-publish","format-standard","hentry","category-rio-de-janeiro-rj"],"_links":{"self":[{"href":"https:\/\/vagas.portalemprego.com.br\/index.php?rest_route=\/wp\/v2\/posts\/2127","targetHints":{"allow":["GET"]}}],"collection":[{"href":"https:\/\/vagas.portalemprego.com.br\/index.php?rest_route=\/wp\/v2\/posts"}],"about":[{"href":"https:\/\/vagas.portalemprego.com.br\/index.php?rest_route=\/wp\/v2\/types\/post"}],"author":[{"embeddable":true,"href":"https:\/\/vagas.portalemprego.com.br\/index.php?rest_route=\/wp\/v2\/users\/1"}],"replies":[{"embeddable":true,"href":"https:\/\/vagas.portalemprego.com.br\/index.php?rest_route=%2Fwp%2Fv2%2Fcomments&post=2127"}],"version-history":[{"count":0,"href":"https:\/\/vagas.portalemprego.com.br\/index.php?rest_route=\/wp\/v2\/posts\/2127\/revisions"}],"wp:attachment":[{"href":"https:\/\/vagas.portalemprego.com.br\/index.php?rest_route=%2Fwp%2Fv2%2Fmedia&parent=2127"}],"wp:term":[{"taxonomy":"category","embeddable":true,"href":"https:\/\/vagas.portalemprego.com.br\/index.php?rest_route=%2Fwp%2Fv2%2Fcategories&post=2127"},{"taxonomy":"post_tag","embeddable":true,"href":"https:\/\/vagas.portalemprego.com.br\/index.php?rest_route=%2Fwp%2Fv2%2Ftags&post=2127"}],"curies":[{"name":"wp","href":"https:\/\/api.w.org\/{rel}","templated":true}]}}