{"id":2128,"date":"2026-04-29T06:25:25","date_gmt":"2026-04-29T09:25:25","guid":{"rendered":"https:\/\/vagas.portalemprego.com.br\/?p=2128"},"modified":"2026-04-29T06:25:25","modified_gmt":"2026-04-29T09:25:25","slug":"analista-de-e-commerce-marketplace-marketing-rio-de-janeiro","status":"publish","type":"post","link":"https:\/\/vagas.portalemprego.com.br\/?p=2128","title":{"rendered":"Analista de E-Commerce | Marketplace &#8211; Marketing &#8211; Rio de Janeiro"},"content":{"rendered":"<p>Buscamos profissional com forte atua\u00e7\u00e3o em Marketplace, perfil anal\u00edtico e comercial, e foco em performance para impulsionar resultados no ambiente digital. Se voc\u00ea gosta de desafios, trabalha orientado a indicadores e tem energia para explorar oportunidades no varejo online, essa oportunidade \u00e9 para voc\u00ea.<br \/>\nPrincipais responsabilidades:<br \/>\nGerir as vendas no canal Marketplace;<br \/>\nAdministrar cat\u00e1logo de produtos e precifica\u00e7\u00e3o nos portais parceiros;<br \/>\nAcompanhar o score da marca e indicadores de desempenho;<br \/>\nIdentificar oportunidades comerciais junto aos gestores dos marketplaces;<br \/>\nMonitorar KPI\u2019s e propor melhorias para aumento de performance;<br \/>\nAtuar em interface com as \u00e1reas de Marketing e Comercial;<br \/>\nGerenciar contas de an\u00fancios (or\u00e7amento, m\u00e9tricas e relat\u00f3rios).<br \/>\nRequisitos:<br \/>\nExperi\u00eancia em E-commerce com foco em Marketplaces;<br \/>\nViv\u00eancia s\u00f3lida com Marketplace;<br \/>\nExcel intermedi\u00e1rio;<br \/>\nPerfil anal\u00edtico, comercial e orientado a resultados.<br \/>\nPr\u00e9-requisitos:<br \/>\nEnsino Superior completo em Marketing, Publicidade, Comunica\u00e7\u00e3o, Administra\u00e7\u00e3o e\/ou \u00e1reas correlatas.<br \/>\nDisponibilidade de trabalho 3x por semana presencialmente.<br \/>\nConhecimento na plataforma VTEX e Marketplaces;<br \/>\nExcel avan\u00e7ado.<br \/>\nRegime de trabalho:<br \/>\nSegunda \u00e0 sexta-feira: 9h \u00e0s 18h, 1h de almo\u00e7o<br \/>\nModelo de trabalho: H\u00edbrido<br \/>\nRemunera\u00e7\u00e3o e benef\u00edcios:<br \/>\nSal\u00e1rio compat\u00edvel com mercado;<br \/>\nVale-transporte;<br \/>\nAssist\u00eancia M\u00e9dica;<br \/>\nAssist\u00eancia Odontol\u00f3gica;<br \/>\nDescontos em nossos produtos;<br \/>\nConv\u00eanios com institui\u00e7\u00f5es de ensino.<\/p>\n<ul>\n<li>Local de trabalho: Rio de Janeiro, RJ<\/li>\n<li>Regime de contrata\u00e7\u00e3o de tipo: Efetivo \u2013 CLT<\/li>\n<li>Jornada: Per\u00edodo Integral<\/li>\n<li>\u00c1rea e especializa\u00e7\u00e3o profissional: Marketing &#8211; Marketing<\/li>\n<li>N\u00edvel hier\u00e1rquico: Analista<\/li>\n<\/ul>\n<p>Escolaridade M\u00ednima: Ensino Superior<\/p>\n","protected":false},"excerpt":{"rendered":"<p>Buscamos profissional com forte atua\u00e7\u00e3o em Marketplace, perfil anal\u00edtico e comercial, e foco em performance para impulsionar resultados no ambiente digital. Se voc\u00ea gosta de desafios, trabalha orientado a indicadores e tem energia para explorar oportunidades no varejo online, essa oportunidade \u00e9 para voc\u00ea. Principais responsabilidades: Gerir as vendas no canal Marketplace; Administrar cat\u00e1logo de [&hellip;]<\/p>\n","protected":false},"author":1,"featured_media":0,"comment_status":"open","ping_status":"open","sticky":false,"template":"","format":"standard","meta":{"footnotes":""},"categories":[21],"tags":[],"class_list":["post-2128","post","type-post","status-publish","format-standard","hentry","category-rio-de-janeiro-rj"],"_links":{"self":[{"href":"https:\/\/vagas.portalemprego.com.br\/index.php?rest_route=\/wp\/v2\/posts\/2128","targetHints":{"allow":["GET"]}}],"collection":[{"href":"https:\/\/vagas.portalemprego.com.br\/index.php?rest_route=\/wp\/v2\/posts"}],"about":[{"href":"https:\/\/vagas.portalemprego.com.br\/index.php?rest_route=\/wp\/v2\/types\/post"}],"author":[{"embeddable":true,"href":"https:\/\/vagas.portalemprego.com.br\/index.php?rest_route=\/wp\/v2\/users\/1"}],"replies":[{"embeddable":true,"href":"https:\/\/vagas.portalemprego.com.br\/index.php?rest_route=%2Fwp%2Fv2%2Fcomments&post=2128"}],"version-history":[{"count":0,"href":"https:\/\/vagas.portalemprego.com.br\/index.php?rest_route=\/wp\/v2\/posts\/2128\/revisions"}],"wp:attachment":[{"href":"https:\/\/vagas.portalemprego.com.br\/index.php?rest_route=%2Fwp%2Fv2%2Fmedia&parent=2128"}],"wp:term":[{"taxonomy":"category","embeddable":true,"href":"https:\/\/vagas.portalemprego.com.br\/index.php?rest_route=%2Fwp%2Fv2%2Fcategories&post=2128"},{"taxonomy":"post_tag","embeddable":true,"href":"https:\/\/vagas.portalemprego.com.br\/index.php?rest_route=%2Fwp%2Fv2%2Ftags&post=2128"}],"curies":[{"name":"wp","href":"https:\/\/api.w.org\/{rel}","templated":true}]}}