{"id":2131,"date":"2026-04-29T06:25:25","date_gmt":"2026-04-29T09:25:25","guid":{"rendered":"https:\/\/vagas.portalemprego.com.br\/?p=2131"},"modified":"2026-04-29T06:25:25","modified_gmt":"2026-04-29T09:25:25","slug":"executivo-de-vendas-externas-comercial-vendas-rio-de-janeiro","status":"publish","type":"post","link":"https:\/\/vagas.portalemprego.com.br\/?p=2131","title":{"rendered":"Executivo de Vendas Externas &#8211; Comercial, Vendas &#8211; Rio de Janeiro"},"content":{"rendered":"<p>Sobre a empresa:<br \/>\nFundada em 1984, a Almeida Kr\u00fcger atua com ampla experi\u00eancia na \u00e1rea de assessoria e consultoria comercial para as principais institui\u00e7\u00f5es financeiras de todo o pa\u00eds, sendo a for\u00e7a de vendas externas do Banco Santander.<br \/>\nSeu papel ser\u00e1:<br \/>\n\u00a0\t\u2022\tAtuar com prospec\u00e7\u00e3o 100% ativa de novos clientes PJ  para venda de produtos do Banco Santander:<br \/>\n\u00a0\t\u2022\tConta PJ<br \/>\n\u00a0\t\u2022\tFit Energia (indica\u00e7\u00e3o)<br \/>\n\u00a0\t\u2022\tConta integrada (Conta + m\u00e1quina de cart\u00e3o)<br \/>\n\u00a0\t\u2022\tGarantir que seus clientes realizem a ativa\u00e7\u00e3o e vincula\u00e7\u00e3o da conta<br \/>\n\u00a0\t\u2022\tIdentificar novas parcerias<br \/>\n\u00a0\t\u2022\tGarantir excel\u00eancia na qualidade do atendimento<br \/>\nPr\u00e9-requisitos:<br \/>\n\u00a0\t\u2022\tExperi\u00eancia m\u00ednima de 6 meses como vendedor externo, executivo de vendas, gerente de carteiras, gerente de contas ou \u00e1reas correlacionadas<br \/>\n\u00a0\t\u2022\tFamiliaridade com Pacote Office e ferramentas digitais<br \/>\n\u00a0\t\u2022\tConhecimento da regi\u00e3o de atua\u00e7\u00e3o<br \/>\n\u00a0\t\u2022\tDisponibilidade para deslocamento<br \/>\n\u00a0\t\u2022\tHabilidade em comunica\u00e7\u00e3o, negocia\u00e7\u00e3o e t\u00e9cnicas de vendas<br \/>\n\u00a0\t\u2022\tExperi\u00eancia com prospec\u00e7\u00e3o de novos clientes e p\u00f3s-vendas<br \/>\n\u00a0\t\u2022\tFoco em resultados e atingimento de metas<br \/>\nRemunera\u00e7\u00e3o:<br \/>\n\u00a0Fixo de R$ 1.700 nos 3 primeiros meses<br \/>\n\u00a0Ap\u00f3s 90 dias: R$ 1.800<br \/>\n\u00a0Ap\u00f3s 1 ano: R$ 2.000<br \/>\n\u00a0Ajuda de custo semanal: R$ 300 (R$ 60 por dia)<br \/>\n\u00a0Comiss\u00e3o sem teto \u2014 quanto mais produz, mais ganha.<\/p>\n<p>Hor\u00e1rio: Segunda a sexta-feira, das 08:30 \u00e0s 18:18, com 1 hora de intervalo para almo\u00e7o.<br \/>\nRegime CLT.<br \/>\nBenef\u00edcios:<br \/>\n\u00a0\t\u2022\tAssist\u00eancia Odontol\u00f3gica (custeados 100% pelo colaborador)<br \/>\n\u00a0\t\u2022\tConv\u00eanios e descontos comerciais<br \/>\n\u00a0\t\u2022\tSeguro de vida<\/p>\n<ul>\n<li>N\u00famero de vagas: 6<\/li>\n<li>Local de trabalho: Rio de Janeiro, RJ<\/li>\n<li>Regime de contrata\u00e7\u00e3o de tipo: Efetivo \u2013 CLT<\/li>\n<li>Jornada: Per\u00edodo Integral<\/li>\n<li>\u00c1rea e especializa\u00e7\u00e3o profissional: Comercial, Vendas &#8211; Venda Externa<\/li>\n<li>N\u00edvel hier\u00e1rquico: Consultor<\/li>\n<\/ul>\n<p>Escolaridade M\u00ednima: Ensino M\u00e9dio (2\u00ba Grau)<\/p>\n<p>Sal\u00e1rio: 10000,0<\/p>\n","protected":false},"excerpt":{"rendered":"<p>Sobre a empresa: Fundada em 1984, a Almeida Kr\u00fcger atua com ampla experi\u00eancia na \u00e1rea de assessoria e consultoria comercial para as principais institui\u00e7\u00f5es financeiras de todo o pa\u00eds, sendo a for\u00e7a de vendas externas do Banco Santander. Seu papel ser\u00e1: \u00a0 \u2022 Atuar com prospec\u00e7\u00e3o 100% ativa de novos clientes PJ para venda de [&hellip;]<\/p>\n","protected":false},"author":1,"featured_media":0,"comment_status":"open","ping_status":"open","sticky":false,"template":"","format":"standard","meta":{"footnotes":""},"categories":[21],"tags":[],"class_list":["post-2131","post","type-post","status-publish","format-standard","hentry","category-rio-de-janeiro-rj"],"_links":{"self":[{"href":"https:\/\/vagas.portalemprego.com.br\/index.php?rest_route=\/wp\/v2\/posts\/2131","targetHints":{"allow":["GET"]}}],"collection":[{"href":"https:\/\/vagas.portalemprego.com.br\/index.php?rest_route=\/wp\/v2\/posts"}],"about":[{"href":"https:\/\/vagas.portalemprego.com.br\/index.php?rest_route=\/wp\/v2\/types\/post"}],"author":[{"embeddable":true,"href":"https:\/\/vagas.portalemprego.com.br\/index.php?rest_route=\/wp\/v2\/users\/1"}],"replies":[{"embeddable":true,"href":"https:\/\/vagas.portalemprego.com.br\/index.php?rest_route=%2Fwp%2Fv2%2Fcomments&post=2131"}],"version-history":[{"count":0,"href":"https:\/\/vagas.portalemprego.com.br\/index.php?rest_route=\/wp\/v2\/posts\/2131\/revisions"}],"wp:attachment":[{"href":"https:\/\/vagas.portalemprego.com.br\/index.php?rest_route=%2Fwp%2Fv2%2Fmedia&parent=2131"}],"wp:term":[{"taxonomy":"category","embeddable":true,"href":"https:\/\/vagas.portalemprego.com.br\/index.php?rest_route=%2Fwp%2Fv2%2Fcategories&post=2131"},{"taxonomy":"post_tag","embeddable":true,"href":"https:\/\/vagas.portalemprego.com.br\/index.php?rest_route=%2Fwp%2Fv2%2Ftags&post=2131"}],"curies":[{"name":"wp","href":"https:\/\/api.w.org\/{rel}","templated":true}]}}