{"id":2132,"date":"2026-04-29T06:25:25","date_gmt":"2026-04-29T09:25:25","guid":{"rendered":"https:\/\/vagas.portalemprego.com.br\/?p=2132"},"modified":"2026-04-29T06:25:25","modified_gmt":"2026-04-29T09:25:25","slug":"coordenador-comercial-comercial-vendas-rio-de-janeiro","status":"publish","type":"post","link":"https:\/\/vagas.portalemprego.com.br\/?p=2132","title":{"rendered":"Coordenador Comercial &#8211; Comercial, Vendas &#8211; Rio de Janeiro"},"content":{"rendered":"<p>Voc\u00ea \u00e9 apaixonado por vendas, tecnologia e desafios? N\u00f3s da Alian\u00e7a Empresas estamos em busca de um Coordenador Comercial, estrat\u00e9gico e com foco em resultados para fazer parte da nossa equipe!<\/p>\n<p>O que voc\u00ea vai fazer:?<br \/>\nCoordenar, treinar e desenvolver a equipe de vendas;<br \/>\nAcompanhar indicadores de performance (KPIs) e resultados comerciais;<br \/>\nElaborar e implementar estrat\u00e9gias de vendas para expans\u00e3o de mercado;<br \/>\nGarantir o cumprimento de metas individuais e coletivas;<br \/>\nRealizar feedbacks peri\u00f3dicos e gest\u00e3o de desempenho da equipe;<br \/>\nAtuar na resolu\u00e7\u00e3o de conflitos e motiva\u00e7\u00e3o do time;<br \/>\nAcompanhar negocia\u00e7\u00f5es estrat\u00e9gicas e apoiar fechamentos;<br \/>\nAnalisar mercado, concorr\u00eancia e oportunidades de neg\u00f3cio;<br \/>\nGarantir a qualidade no atendimento ao cliente e a ader\u00eancia aos processos da empresa.<br \/>\nRequisitos:??<br \/>\nExperi\u00eancia pr\u00e9via em lideran\u00e7a de equipes de vendas;<br \/>\nViv\u00eancia no segmento de telecomunica\u00e7\u00f5es ser\u00e1 um diferencial;<br \/>\nEnsino superior completo ou em andamento (Administra\u00e7\u00e3o, Gest\u00e3o Comercial ou \u00e1reas correlatas);<br \/>\nConhecimento em t\u00e9cnicas de vendas e negocia\u00e7\u00e3o;<br \/>\nHabilidade com indicadores e an\u00e1lise de resultados;<br \/>\nPerfil proativo, comunicativo e com forte capacidade de lideran\u00e7a.<br \/>\nDiferenciais:??<br \/>\nExperi\u00eancia com gest\u00e3o de equipes externas;<br \/>\nConhecimento em produtos e servi\u00e7os de telecom (internet, telefonia, planos corporativos);<br \/>\nViv\u00eancia com CRM e ferramentas de gest\u00e3o comercial.<br \/>\nO que oferecemos:??<br \/>\nTreinamentos cont\u00ednuos e programas de desenvolvimento;<br \/>\nComiss\u00f5es atrativas e b\u00f4nus por metas alcan\u00e7adas;<br \/>\nOportunidade de crescimento dentro de uma das maiores representantes Claro Empresas do Brasil!<br \/>\nLocal de trabalho:??<br \/>\nRua da Assembl\u00e9ia, N\u00b0 35 , Andar 12\u00b0 &#8211; Centro RJ &#8211; Link localiza\u00e7\u00e3o: https:\/\/maps.app.goo.gl\/G3cfyRaqTrR6rukr9<br \/>\nJornada:??<br \/>\nSegunda \u00e0 sexta &#8211; 08h30 \u00e0s 18h18;<br \/>\nSal\u00e1rio fixo + vari\u00e1vel (comiss\u00e3o\/bonifica\u00e7\u00e3o por resultados).<\/p>\n<p>Se voc\u00ea \u00e9 movido por desafios e quer fazer parte de um time de alta performance, envie seu curr\u00edculo agora mesmo!<\/p>\n<ul>\n<li>Local de trabalho: Rio de Janeiro, RJ<\/li>\n<li>Regime de contrata\u00e7\u00e3o de tipo: Efetivo \u2013 CLT<\/li>\n<li>Jornada: Per\u00edodo Integral<\/li>\n<li>\u00c1rea e especializa\u00e7\u00e3o profissional: Comercial, Vendas &#8211; Venda Interna<\/li>\n<li>N\u00edvel hier\u00e1rquico: Coordenador<\/li>\n<\/ul>\n<p>VALORIZADO<\/p>\n<p>Tempo de experi\u00eancia: Entre 1 e 3 anos<\/p>\n<p>Escolaridade M\u00ednima: Ensino Superior<\/p>\n<p>Sal\u00e1rio: 4000,0<\/p>\n","protected":false},"excerpt":{"rendered":"<p>Voc\u00ea \u00e9 apaixonado por vendas, tecnologia e desafios? N\u00f3s da Alian\u00e7a Empresas estamos em busca de um Coordenador Comercial, estrat\u00e9gico e com foco em resultados para fazer parte da nossa equipe! O que voc\u00ea vai fazer:? Coordenar, treinar e desenvolver a equipe de vendas; Acompanhar indicadores de performance (KPIs) e resultados comerciais; Elaborar e implementar [&hellip;]<\/p>\n","protected":false},"author":1,"featured_media":0,"comment_status":"open","ping_status":"open","sticky":false,"template":"","format":"standard","meta":{"footnotes":""},"categories":[21],"tags":[],"class_list":["post-2132","post","type-post","status-publish","format-standard","hentry","category-rio-de-janeiro-rj"],"_links":{"self":[{"href":"https:\/\/vagas.portalemprego.com.br\/index.php?rest_route=\/wp\/v2\/posts\/2132","targetHints":{"allow":["GET"]}}],"collection":[{"href":"https:\/\/vagas.portalemprego.com.br\/index.php?rest_route=\/wp\/v2\/posts"}],"about":[{"href":"https:\/\/vagas.portalemprego.com.br\/index.php?rest_route=\/wp\/v2\/types\/post"}],"author":[{"embeddable":true,"href":"https:\/\/vagas.portalemprego.com.br\/index.php?rest_route=\/wp\/v2\/users\/1"}],"replies":[{"embeddable":true,"href":"https:\/\/vagas.portalemprego.com.br\/index.php?rest_route=%2Fwp%2Fv2%2Fcomments&post=2132"}],"version-history":[{"count":0,"href":"https:\/\/vagas.portalemprego.com.br\/index.php?rest_route=\/wp\/v2\/posts\/2132\/revisions"}],"wp:attachment":[{"href":"https:\/\/vagas.portalemprego.com.br\/index.php?rest_route=%2Fwp%2Fv2%2Fmedia&parent=2132"}],"wp:term":[{"taxonomy":"category","embeddable":true,"href":"https:\/\/vagas.portalemprego.com.br\/index.php?rest_route=%2Fwp%2Fv2%2Fcategories&post=2132"},{"taxonomy":"post_tag","embeddable":true,"href":"https:\/\/vagas.portalemprego.com.br\/index.php?rest_route=%2Fwp%2Fv2%2Ftags&post=2132"}],"curies":[{"name":"wp","href":"https:\/\/api.w.org\/{rel}","templated":true}]}}