{"id":2134,"date":"2026-04-29T06:25:25","date_gmt":"2026-04-29T09:25:25","guid":{"rendered":"https:\/\/vagas.portalemprego.com.br\/?p=2134"},"modified":"2026-04-29T06:25:25","modified_gmt":"2026-04-29T09:25:25","slug":"recepcionista-e-eventos-bilingue-eventual-diarias-hotelaria-turismo-rio-de-janeiro","status":"publish","type":"post","link":"https:\/\/vagas.portalemprego.com.br\/?p=2134","title":{"rendered":"Recepcionista e eventos Bilingue &#8211; Eventual ( di\u00e1rias) &#8211; Hotelaria, Turismo &#8211; Rio de Janeiro"},"content":{"rendered":"<p>Oportunidade: Estamos buscando um Recepcionista para eventos bil\u00edngue para trabalhar em regime eventual, com di\u00e1rias, . A posi\u00e7\u00e3o oferece uma chance de contribuir para a organiza\u00e7\u00e3o e sucesso de eventos corporativos.<br \/>\nFun\u00e7\u00f5es:<br \/>\nAcolher e orientar visitantes e colaboradores;<br \/>\nCoordenar o check-in e check-out dos participantes;<br \/>\nApoiar na organiza\u00e7\u00e3o de eventos, desde a prepara\u00e7\u00e3o at\u00e9 o p\u00f3s-evento;<br \/>\nAuxiliar na comunica\u00e7\u00e3o com fornecedores e parceiros;<br \/>\nRequisitos:<br \/>\nExperi\u00eancia como recepcionista em eventos;<br \/>\nConhecimento em espanhol fluente;<br \/>\nCapacidade de gerenciar m\u00faltiplas tarefas simultaneamente;<br \/>\nHabilidades de comunica\u00e7\u00e3o e atendimento ao p\u00fablico.<br \/>\nBenef\u00edcios:<br \/>\nValor das di\u00e1rias com transporte;<br \/>\nRecolhimento de INSS como Aut\u00f4nomo;<br \/>\nAmbiente de trabalho colaborativo.<br \/>\nA Gi Group valoriza a diversidade e busca colaboradores que se encaixem no perfil descrito. A candidatura deve ser encaminhada para an\u00e1lise.<\/p>\n<ul>\n<li>N\u00famero de vagas: 4<\/li>\n<li>Local de trabalho: Rio de Janeiro, RJ<\/li>\n<li>Regime de contrata\u00e7\u00e3o de tipo: Aut\u00f4nomo<\/li>\n<li>Jornada: Per\u00edodo Integral<\/li>\n<li>\u00c1rea e especializa\u00e7\u00e3o profissional: Hotelaria, Turismo &#8211; Recep\u00e7\u00e3o<\/li>\n<li>N\u00edvel hier\u00e1rquico: Operacional<\/li>\n<\/ul>\n<p>Escolaridade M\u00ednima: Ensino M\u00e9dio (2\u00ba Grau)<\/p>\n<p>Idiomas:<\/p>\n<ul>\n<li>Espanhol (Intermedi\u00e1rio)<\/li>\n<\/ul>\n<p>Sal\u00e1rio: 250,0<\/p>\n","protected":false},"excerpt":{"rendered":"<p>Oportunidade: Estamos buscando um Recepcionista para eventos bil\u00edngue para trabalhar em regime eventual, com di\u00e1rias, . A posi\u00e7\u00e3o oferece uma chance de contribuir para a organiza\u00e7\u00e3o e sucesso de eventos corporativos. Fun\u00e7\u00f5es: Acolher e orientar visitantes e colaboradores; Coordenar o check-in e check-out dos participantes; Apoiar na organiza\u00e7\u00e3o de eventos, desde a prepara\u00e7\u00e3o at\u00e9 o [&hellip;]<\/p>\n","protected":false},"author":1,"featured_media":0,"comment_status":"open","ping_status":"open","sticky":false,"template":"","format":"standard","meta":{"footnotes":""},"categories":[21],"tags":[],"class_list":["post-2134","post","type-post","status-publish","format-standard","hentry","category-rio-de-janeiro-rj"],"_links":{"self":[{"href":"https:\/\/vagas.portalemprego.com.br\/index.php?rest_route=\/wp\/v2\/posts\/2134","targetHints":{"allow":["GET"]}}],"collection":[{"href":"https:\/\/vagas.portalemprego.com.br\/index.php?rest_route=\/wp\/v2\/posts"}],"about":[{"href":"https:\/\/vagas.portalemprego.com.br\/index.php?rest_route=\/wp\/v2\/types\/post"}],"author":[{"embeddable":true,"href":"https:\/\/vagas.portalemprego.com.br\/index.php?rest_route=\/wp\/v2\/users\/1"}],"replies":[{"embeddable":true,"href":"https:\/\/vagas.portalemprego.com.br\/index.php?rest_route=%2Fwp%2Fv2%2Fcomments&post=2134"}],"version-history":[{"count":0,"href":"https:\/\/vagas.portalemprego.com.br\/index.php?rest_route=\/wp\/v2\/posts\/2134\/revisions"}],"wp:attachment":[{"href":"https:\/\/vagas.portalemprego.com.br\/index.php?rest_route=%2Fwp%2Fv2%2Fmedia&parent=2134"}],"wp:term":[{"taxonomy":"category","embeddable":true,"href":"https:\/\/vagas.portalemprego.com.br\/index.php?rest_route=%2Fwp%2Fv2%2Fcategories&post=2134"},{"taxonomy":"post_tag","embeddable":true,"href":"https:\/\/vagas.portalemprego.com.br\/index.php?rest_route=%2Fwp%2Fv2%2Ftags&post=2134"}],"curies":[{"name":"wp","href":"https:\/\/api.w.org\/{rel}","templated":true}]}}