{"id":2135,"date":"2026-04-29T06:25:25","date_gmt":"2026-04-29T09:25:25","guid":{"rendered":"https:\/\/vagas.portalemprego.com.br\/?p=2135"},"modified":"2026-04-29T06:25:25","modified_gmt":"2026-04-29T09:25:25","slug":"analista-financeiro-ll-contas-a-pagar-e-receber-contabil-financas-economia-rio-de-janeiro","status":"publish","type":"post","link":"https:\/\/vagas.portalemprego.com.br\/?p=2135","title":{"rendered":"Analista Financeiro ll &#8211; Contas a Pagar e Receber &#8211; Cont\u00e1bil, Finan\u00e7as, Economia &#8211; Rio de Janeiro"},"content":{"rendered":"<p>Buscamos um(a) Analista Financeiro Pleno de Contas a Receber para atuar de forma estrat\u00e9gica na gest\u00e3o dos receb\u00edveis da companhia, com forte foco em redu\u00e7\u00e3o da inadimpl\u00eancia, melhoria de processos, an\u00e1lise de indicadores e suporte \u00e0 tomada de decis\u00e3o\u00a0se profissional ser\u00e1 refer\u00eancia t\u00e9cnica da \u00e1rea e atuar\u00e1 de forma pr\u00f3xima \u00e0 lideran\u00e7a.\u00a0<br \/>\nPrincipais responsabilidades:\u00a0<br \/>\nGerir e acompanhar de forma estrat\u00e9gica a carteira de contas a receber, analisando valores vencidos, a vencer, riscos e oportunidades de recupera\u00e7\u00e3o;\u00a0<br \/>\nAtuar de forma ativa na redu\u00e7\u00e3o da inadimpl\u00eancia, definindo estrat\u00e9gias de cobran\u00e7a, prioriza\u00e7\u00e3o de clientes e abordagens de negocia\u00e7\u00e3o;\u00a0<br \/>\nRealizar an\u00e1lises aprofundadas da carteira, incluindo\u00a0aging, comportamento de pagamento, concentra\u00e7\u00e3o de risco e impacto no fluxo de caixa;\u00a0<br \/>\nConduzir e validar concilia\u00e7\u00f5es banc\u00e1rias complexas, garantindo a correta baixa dos recebimentos e identifica\u00e7\u00e3o de inconsist\u00eancias sist\u00eamicas;\u00a0<br \/>\nApoiar a lideran\u00e7a na defini\u00e7\u00e3o e acompanhamento de KPIs da \u00e1rea (PMR, inadimpl\u00eancia, recupera\u00e7\u00e3o, performance interna e externa);\u00a0<br \/>\nElaborar e apresentar relat\u00f3rios gerenciais e an\u00e1lises financeiras para coordena\u00e7\u00e3o, ger\u00eancia e diretoria;\u00a0<br \/>\nAtuar de forma integrada com as \u00e1reas de Cr\u00e9dito, Comercial, Jur\u00eddico e Cobran\u00e7a Externa, garantindo alinhamento de estrat\u00e9gias e informa\u00e7\u00f5es;\u00a0<br \/>\nIdentificar falhas operacionais e propor melhorias de processos, automa\u00e7\u00f5es e controles internos;\u00a0<br \/>\nGarantir ader\u00eancia \u00e0s pol\u00edticas de cr\u00e9dito, cobran\u00e7a e compliance financeiro;\u00a0<br \/>\nAtuar como refer\u00eancia t\u00e9cnica da \u00e1rea, apoiando, orientando e desenvolvendo analistas juniores e estagi\u00e1rios.<\/p>\n<ul>\n<li>Local de trabalho: Rio de Janeiro, RJ<\/li>\n<li>Regime de contrata\u00e7\u00e3o de tipo: Efetivo \u2013 CLT<\/li>\n<li>Jornada: Per\u00edodo Integral<\/li>\n<li>\u00c1rea e especializa\u00e7\u00e3o profissional: Cont\u00e1bil, Finan\u00e7as, Economia &#8211; Contas a Pagar e Receber<\/li>\n<li>N\u00edvel hier\u00e1rquico: Analista<\/li>\n<\/ul>\n<p>Escolaridade M\u00ednima: Ensino Superior<\/p>\n<ul>\n<li>PLR &#8211; Participa\u00e7\u00e3o nos Lucros e Resultados<\/li>\n<li>Licen\u00e7a maternidade e paternidade estendida<\/li>\n<li>Dr. Alper 24 horas<\/li>\n<li>Wellhub para voc\u00ea e seus dependentes<\/li>\n<li>Assist\u00eancia m\u00e9dica<\/li>\n<li>Aux\u00edlio Mobilidade ou Vale Transporte<\/li>\n<li>Vale Refei\u00e7\u00e3o<\/li>\n<li>Assist\u00eancia Odontol\u00f3gica<\/li>\n<li>Seguro de Vida<\/li>\n<\/ul>\n","protected":false},"excerpt":{"rendered":"<p>Buscamos um(a) Analista Financeiro Pleno de Contas a Receber para atuar de forma estrat\u00e9gica na gest\u00e3o dos receb\u00edveis da companhia, com forte foco em redu\u00e7\u00e3o da inadimpl\u00eancia, melhoria de processos, an\u00e1lise de indicadores e suporte \u00e0 tomada de decis\u00e3o\u00a0se profissional ser\u00e1 refer\u00eancia t\u00e9cnica da \u00e1rea e atuar\u00e1 de forma pr\u00f3xima \u00e0 lideran\u00e7a.\u00a0 Principais responsabilidades:\u00a0 Gerir [&hellip;]<\/p>\n","protected":false},"author":1,"featured_media":0,"comment_status":"open","ping_status":"open","sticky":false,"template":"","format":"standard","meta":{"footnotes":""},"categories":[21],"tags":[],"class_list":["post-2135","post","type-post","status-publish","format-standard","hentry","category-rio-de-janeiro-rj"],"_links":{"self":[{"href":"https:\/\/vagas.portalemprego.com.br\/index.php?rest_route=\/wp\/v2\/posts\/2135","targetHints":{"allow":["GET"]}}],"collection":[{"href":"https:\/\/vagas.portalemprego.com.br\/index.php?rest_route=\/wp\/v2\/posts"}],"about":[{"href":"https:\/\/vagas.portalemprego.com.br\/index.php?rest_route=\/wp\/v2\/types\/post"}],"author":[{"embeddable":true,"href":"https:\/\/vagas.portalemprego.com.br\/index.php?rest_route=\/wp\/v2\/users\/1"}],"replies":[{"embeddable":true,"href":"https:\/\/vagas.portalemprego.com.br\/index.php?rest_route=%2Fwp%2Fv2%2Fcomments&post=2135"}],"version-history":[{"count":0,"href":"https:\/\/vagas.portalemprego.com.br\/index.php?rest_route=\/wp\/v2\/posts\/2135\/revisions"}],"wp:attachment":[{"href":"https:\/\/vagas.portalemprego.com.br\/index.php?rest_route=%2Fwp%2Fv2%2Fmedia&parent=2135"}],"wp:term":[{"taxonomy":"category","embeddable":true,"href":"https:\/\/vagas.portalemprego.com.br\/index.php?rest_route=%2Fwp%2Fv2%2Fcategories&post=2135"},{"taxonomy":"post_tag","embeddable":true,"href":"https:\/\/vagas.portalemprego.com.br\/index.php?rest_route=%2Fwp%2Fv2%2Ftags&post=2135"}],"curies":[{"name":"wp","href":"https:\/\/api.w.org\/{rel}","templated":true}]}}