{"id":2136,"date":"2026-04-29T06:25:25","date_gmt":"2026-04-29T09:25:25","guid":{"rendered":"https:\/\/vagas.portalemprego.com.br\/?p=2136"},"modified":"2026-04-29T06:25:25","modified_gmt":"2026-04-29T09:25:25","slug":"operador-de-caixa-atacadao-comercial-vendas-sao-pedro-da-aldeia","status":"publish","type":"post","link":"https:\/\/vagas.portalemprego.com.br\/?p=2136","title":{"rendered":"Operador de Caixa &#8211; ATACAD\u00c3O &#8211; Comercial, Vendas &#8211; S\u00e3o Pedro da Aldeia"},"content":{"rendered":"<p>Atividades:<br \/>\nRegistrar mercadorias no PDV (Ponto de Venda) e processar recebimentos de pagamentos;<br \/>\nExecutar a abertura e o fechamento do caixa;<br \/>\nManter o ambiente de trabalho limpo e organizado;<br \/>\nPrestar atendimento ao cliente com excel\u00eancia, esclarecendo d\u00favidas e oferecendo suporte.<\/p>\n<p>Requisitos:<br \/>\nEnsino m\u00e9dio completo;<br \/>\nDisponibilidade para atuar em escala 6&#215;1;<br \/>\nExperi\u00eancia pr\u00e9via na fun\u00e7\u00e3o ser\u00e1 considerada um diferencial.<\/p>\n<p>&#8220;Incentivamos a candidatura de pessoas de todos os g\u00eaneros, ra\u00e7as, com defici\u00eancia, diferentes gera\u00e7\u00f5es, cren\u00e7as e orienta\u00e7\u00f5es sexuais&#8221;.<\/p>\n<ul>\n<li>N\u00famero de vagas: 11<\/li>\n<li>Local de trabalho: S\u00e3o Pedro da Aldeia, RJ<\/li>\n<li>Regime de contrata\u00e7\u00e3o de tipo: Efetivo \u2013 CLT<\/li>\n<li>Jornada: Parcial manh\u00e3s<\/li>\n<li>\u00c1rea e especializa\u00e7\u00e3o profissional: Comercial, Vendas &#8211; Lojas \/ Shopping<\/li>\n<li>N\u00edvel hier\u00e1rquico: Operacional<\/li>\n<\/ul>\n<p>VALORIZADO<\/p>\n<p>Tempo de experi\u00eancia: Menos de 1 ano<\/p>\n<p>Escolaridade M\u00ednima: Ensino M\u00e9dio (2\u00ba Grau)<\/p>\n<ul>\n<li>Assist\u00eancia m\u00e9dica<\/li>\n<li>Seguro de Vida<\/li>\n<li>Participa\u00e7\u00e3o nos lucros<\/li>\n<li>Enxoval de beb\u00ea<\/li>\n<li>Assist\u00eancia odontol\u00f3gica<\/li>\n<li>Vale Transporte<\/li>\n<li>Cooperativa de Cr\u00e9dito<\/li>\n<li>Cesta de Natal<\/li>\n<li>Refei\u00e7\u00e3o no local<\/li>\n<li>TotalPass<\/li>\n<li>Estacionamento no Local para n\u00e3o optantes de VT<\/li>\n<li>Aux\u00edlio Creche<\/li>\n<li>Caf\u00e9 da Manh\u00e3<\/li>\n<\/ul>\n<p>Sal\u00e1rio: 1897,0<\/p>\n","protected":false},"excerpt":{"rendered":"<p>Atividades: Registrar mercadorias no PDV (Ponto de Venda) e processar recebimentos de pagamentos; Executar a abertura e o fechamento do caixa; Manter o ambiente de trabalho limpo e organizado; Prestar atendimento ao cliente com excel\u00eancia, esclarecendo d\u00favidas e oferecendo suporte. Requisitos: Ensino m\u00e9dio completo; Disponibilidade para atuar em escala 6&#215;1; Experi\u00eancia pr\u00e9via na fun\u00e7\u00e3o ser\u00e1 [&hellip;]<\/p>\n","protected":false},"author":1,"featured_media":0,"comment_status":"open","ping_status":"open","sticky":false,"template":"","format":"standard","meta":{"footnotes":""},"categories":[21],"tags":[],"class_list":["post-2136","post","type-post","status-publish","format-standard","hentry","category-rio-de-janeiro-rj"],"_links":{"self":[{"href":"https:\/\/vagas.portalemprego.com.br\/index.php?rest_route=\/wp\/v2\/posts\/2136","targetHints":{"allow":["GET"]}}],"collection":[{"href":"https:\/\/vagas.portalemprego.com.br\/index.php?rest_route=\/wp\/v2\/posts"}],"about":[{"href":"https:\/\/vagas.portalemprego.com.br\/index.php?rest_route=\/wp\/v2\/types\/post"}],"author":[{"embeddable":true,"href":"https:\/\/vagas.portalemprego.com.br\/index.php?rest_route=\/wp\/v2\/users\/1"}],"replies":[{"embeddable":true,"href":"https:\/\/vagas.portalemprego.com.br\/index.php?rest_route=%2Fwp%2Fv2%2Fcomments&post=2136"}],"version-history":[{"count":0,"href":"https:\/\/vagas.portalemprego.com.br\/index.php?rest_route=\/wp\/v2\/posts\/2136\/revisions"}],"wp:attachment":[{"href":"https:\/\/vagas.portalemprego.com.br\/index.php?rest_route=%2Fwp%2Fv2%2Fmedia&parent=2136"}],"wp:term":[{"taxonomy":"category","embeddable":true,"href":"https:\/\/vagas.portalemprego.com.br\/index.php?rest_route=%2Fwp%2Fv2%2Fcategories&post=2136"},{"taxonomy":"post_tag","embeddable":true,"href":"https:\/\/vagas.portalemprego.com.br\/index.php?rest_route=%2Fwp%2Fv2%2Ftags&post=2136"}],"curies":[{"name":"wp","href":"https:\/\/api.w.org\/{rel}","templated":true}]}}