{"id":2137,"date":"2026-04-29T06:25:25","date_gmt":"2026-04-29T09:25:25","guid":{"rendered":"https:\/\/vagas.portalemprego.com.br\/?p=2137"},"modified":"2026-04-29T06:25:25","modified_gmt":"2026-04-29T09:25:25","slug":"advogadoa-associadoa-juridica-rio-de-janeiro","status":"publish","type":"post","link":"https:\/\/vagas.portalemprego.com.br\/?p=2137","title":{"rendered":"Advogado(a) Associado(a) &#8211; Jur\u00eddica &#8211; Rio de Janeiro"},"content":{"rendered":"<p>Oportunidade para aturar como Advogado(a) Trabalhista Pleno em renomado escrit\u00f3rio de advocacia e consultoria jur\u00eddica.<\/p>\n<p>Atividades:<br \/>\nElabora\u00e7\u00e3o de pe\u00e7as processuais, com foco na defesa de empresas;<br \/>\nAn\u00e1lise de iniciais e documentos, identificando inconsist\u00eancias e oportunidades;<br \/>\nDefini\u00e7\u00e3o de estrat\u00e9gias jur\u00eddicas alinhadas ao perfil do cliente e ao hist\u00f3rico da a\u00e7\u00e3o;<br \/>\nParticipa\u00e7\u00e3o em audi\u00eancias trabalhistas, presenciais e virtuais, e sustenta\u00e7\u00f5es orais em tribunal;<br \/>\nCondu\u00e7\u00e3o de oitiva de testemunhas e elabora\u00e7\u00e3o de perguntas estrat\u00e9gicas;<br \/>\nGest\u00e3o e controle de prazos e organiza\u00e7\u00e3o processual, e de agendas jur\u00eddicas;<br \/>\nAcompanhamento de processos em sistema;<br \/>\nParticipa\u00e7\u00e3o em reuni\u00f5es estrat\u00e9gicas;<br \/>\nConsultoria preventiva em solu\u00e7\u00f5es trabalhistas para empresas.<\/p>\n<p>Oferece remunera\u00e7\u00e3o de R$ 6.000,00\/m\u00eas (poss\u00edvel de aumento ap\u00f3s avalia\u00e7\u00e3o per\u00edodica de 7 meses).<br \/>\n***Modelo de contrata\u00e7\u00e3o: Associa\u00e7\u00e3o (contrato de advogado associado). <\/p>\n<p>Hor\u00e1rio: De segunda a sexta-feira, das 08h \u00e0s 17h (presencial). <\/p>\n<p>Local: Centro, Rio de Janeiro<\/p>\n<p>Necess\u00e1rio:<br \/>\n&#8211; Vasta experi\u00eancia em escrit\u00f3rio de advocacia, atuando como Advogado(a) Trabalhista pela reclamada (empresas\/r\u00e9s);<br \/>\n&#8211; Viv\u00eancia com audi\u00eancias trabalhistas presenciais e virtuais (inicial, una, instru\u00e7\u00e3o e sustenta\u00e7\u00e3o oral no Tribunal);<br \/>\n&#8211; Atua\u00e7\u00e3o com controle e agendamentos de prazos e recursos.<\/p>\n<ul>\n<li>Local de trabalho: Rio de Janeiro, RJ<\/li>\n<li>Regime de contrata\u00e7\u00e3o de tipo: Aut\u00f4nomo<\/li>\n<li>Jornada: Per\u00edodo Integral<\/li>\n<li>\u00c1rea e especializa\u00e7\u00e3o profissional: Jur\u00eddica &#8211; Trabalhista<\/li>\n<li>N\u00edvel hier\u00e1rquico: Especialista<\/li>\n<\/ul>\n<p>Escolaridade M\u00ednima: Ensino Superior<\/p>\n<p>Forma\u00e7\u00e3o desejada:<\/p>\n<ul>\n<li>Direito, Ensino Superior<\/li>\n<\/ul>\n<p>Sal\u00e1rio: 6000,0<\/p>\n","protected":false},"excerpt":{"rendered":"<p>Oportunidade para aturar como Advogado(a) Trabalhista Pleno em renomado escrit\u00f3rio de advocacia e consultoria jur\u00eddica. Atividades: Elabora\u00e7\u00e3o de pe\u00e7as processuais, com foco na defesa de empresas; An\u00e1lise de iniciais e documentos, identificando inconsist\u00eancias e oportunidades; Defini\u00e7\u00e3o de estrat\u00e9gias jur\u00eddicas alinhadas ao perfil do cliente e ao hist\u00f3rico da a\u00e7\u00e3o; Participa\u00e7\u00e3o em audi\u00eancias trabalhistas, presenciais e [&hellip;]<\/p>\n","protected":false},"author":1,"featured_media":0,"comment_status":"open","ping_status":"open","sticky":false,"template":"","format":"standard","meta":{"footnotes":""},"categories":[21],"tags":[],"class_list":["post-2137","post","type-post","status-publish","format-standard","hentry","category-rio-de-janeiro-rj"],"_links":{"self":[{"href":"https:\/\/vagas.portalemprego.com.br\/index.php?rest_route=\/wp\/v2\/posts\/2137","targetHints":{"allow":["GET"]}}],"collection":[{"href":"https:\/\/vagas.portalemprego.com.br\/index.php?rest_route=\/wp\/v2\/posts"}],"about":[{"href":"https:\/\/vagas.portalemprego.com.br\/index.php?rest_route=\/wp\/v2\/types\/post"}],"author":[{"embeddable":true,"href":"https:\/\/vagas.portalemprego.com.br\/index.php?rest_route=\/wp\/v2\/users\/1"}],"replies":[{"embeddable":true,"href":"https:\/\/vagas.portalemprego.com.br\/index.php?rest_route=%2Fwp%2Fv2%2Fcomments&post=2137"}],"version-history":[{"count":0,"href":"https:\/\/vagas.portalemprego.com.br\/index.php?rest_route=\/wp\/v2\/posts\/2137\/revisions"}],"wp:attachment":[{"href":"https:\/\/vagas.portalemprego.com.br\/index.php?rest_route=%2Fwp%2Fv2%2Fmedia&parent=2137"}],"wp:term":[{"taxonomy":"category","embeddable":true,"href":"https:\/\/vagas.portalemprego.com.br\/index.php?rest_route=%2Fwp%2Fv2%2Fcategories&post=2137"},{"taxonomy":"post_tag","embeddable":true,"href":"https:\/\/vagas.portalemprego.com.br\/index.php?rest_route=%2Fwp%2Fv2%2Ftags&post=2137"}],"curies":[{"name":"wp","href":"https:\/\/api.w.org\/{rel}","templated":true}]}}