{"id":2138,"date":"2026-04-29T06:25:25","date_gmt":"2026-04-29T09:25:25","guid":{"rendered":"https:\/\/vagas.portalemprego.com.br\/?p=2138"},"modified":"2026-04-29T06:25:25","modified_gmt":"2026-04-29T09:25:25","slug":"analista-de-produto-jr-redator-eletrico-automotivo-engenharia-resende","status":"publish","type":"post","link":"https:\/\/vagas.portalemprego.com.br\/?p=2138","title":{"rendered":"Analista de Produto Jr &#8211; Redator El\u00e9trico (Automotivo) &#8211; Engenharia &#8211; Resende"},"content":{"rendered":"<p>?? Vaga: Analista de Produto Jr. \u2013 Redator T\u00e9cnico (El\u00e9trica)<br \/>\n?? Modelo: Presencial | ?? Hor\u00e1rio: Segunda a sexta, das 08h00 \u00e0s 17h24 | ?? Regime: CLT<br \/>\n?? Atividades:<br \/>\nElabora\u00e7\u00e3o de diagramas el\u00e9tricos de alta e baixa tens\u00e3o, com detalhamento dos sistemas e valida\u00e7\u00e3o em ve\u00edculo;<br \/>\nDesenvolvimento de materiais t\u00e9cnicos para suporte \u00e0 rede de concession\u00e1rias, facilitando a an\u00e1lise de falhas em campo;<br \/>\nCria\u00e7\u00e3o de documentos de diagn\u00f3stico e solu\u00e7\u00e3o de falhas (troubleshooting), com base em listas t\u00e9cnicas e valida\u00e7\u00f5es pr\u00e1ticas;<br \/>\nUtiliza\u00e7\u00e3o de instrumentos como oscilosc\u00f3pio e mult\u00edmetro automotivo para an\u00e1lise e apoio t\u00e9cnico;<br \/>\nMontagem e desmontagem de componentes veiculares, com foco em sistemas el\u00e9tricos (chicotes, conectores, sensores e m\u00f3dulos);<br \/>\nElabora\u00e7\u00e3o de procedimentos t\u00e9cnicos, testes de continuidade e utiliza\u00e7\u00e3o de sistemas como Vision.<br \/>\n? Requisitos:<br \/>\nExperi\u00eancia ou conhecimento em el\u00e9trica veicular;<br \/>\nIngl\u00eas intermedi\u00e1rio (leitura e escrita);<br \/>\nForma\u00e7\u00e3o t\u00e9cnica ou superior em Engenharia El\u00e9trica, Eletromec\u00e2nica ou \u00e1reas correlatas;<br \/>\nConhecimento em Pacote Office.<\/p>\n<ul>\n<li>N\u00famero de vagas: 3<\/li>\n<li>Local de trabalho: Resende, RJ<\/li>\n<li>Regime de contrata\u00e7\u00e3o de tipo: Efetivo \u2013 CLT<\/li>\n<li>Jornada: Per\u00edodo Integral<\/li>\n<li>\u00c1rea e especializa\u00e7\u00e3o profissional: Engenharia &#8211; Engenharia El\u00e9trica, Eletr\u00f4nica, Eletrot\u00e9cnica<\/li>\n<li>N\u00edvel hier\u00e1rquico: Analista<\/li>\n<\/ul>\n<p>Escolaridade M\u00ednima: Ensino Superior<\/p>\n<p>Idiomas:<\/p>\n<ul>\n<li>Ingl\u00eas (Intermedi\u00e1rio)<\/li>\n<\/ul>\n","protected":false},"excerpt":{"rendered":"<p>?? Vaga: Analista de Produto Jr. \u2013 Redator T\u00e9cnico (El\u00e9trica) ?? Modelo: Presencial | ?? Hor\u00e1rio: Segunda a sexta, das 08h00 \u00e0s 17h24 | ?? Regime: CLT ?? Atividades: Elabora\u00e7\u00e3o de diagramas el\u00e9tricos de alta e baixa tens\u00e3o, com detalhamento dos sistemas e valida\u00e7\u00e3o em ve\u00edculo; Desenvolvimento de materiais t\u00e9cnicos para suporte \u00e0 rede de [&hellip;]<\/p>\n","protected":false},"author":1,"featured_media":0,"comment_status":"open","ping_status":"open","sticky":false,"template":"","format":"standard","meta":{"footnotes":""},"categories":[21],"tags":[],"class_list":["post-2138","post","type-post","status-publish","format-standard","hentry","category-rio-de-janeiro-rj"],"_links":{"self":[{"href":"https:\/\/vagas.portalemprego.com.br\/index.php?rest_route=\/wp\/v2\/posts\/2138","targetHints":{"allow":["GET"]}}],"collection":[{"href":"https:\/\/vagas.portalemprego.com.br\/index.php?rest_route=\/wp\/v2\/posts"}],"about":[{"href":"https:\/\/vagas.portalemprego.com.br\/index.php?rest_route=\/wp\/v2\/types\/post"}],"author":[{"embeddable":true,"href":"https:\/\/vagas.portalemprego.com.br\/index.php?rest_route=\/wp\/v2\/users\/1"}],"replies":[{"embeddable":true,"href":"https:\/\/vagas.portalemprego.com.br\/index.php?rest_route=%2Fwp%2Fv2%2Fcomments&post=2138"}],"version-history":[{"count":0,"href":"https:\/\/vagas.portalemprego.com.br\/index.php?rest_route=\/wp\/v2\/posts\/2138\/revisions"}],"wp:attachment":[{"href":"https:\/\/vagas.portalemprego.com.br\/index.php?rest_route=%2Fwp%2Fv2%2Fmedia&parent=2138"}],"wp:term":[{"taxonomy":"category","embeddable":true,"href":"https:\/\/vagas.portalemprego.com.br\/index.php?rest_route=%2Fwp%2Fv2%2Fcategories&post=2138"},{"taxonomy":"post_tag","embeddable":true,"href":"https:\/\/vagas.portalemprego.com.br\/index.php?rest_route=%2Fwp%2Fv2%2Ftags&post=2138"}],"curies":[{"name":"wp","href":"https:\/\/api.w.org\/{rel}","templated":true}]}}