{"id":2139,"date":"2026-04-29T06:25:25","date_gmt":"2026-04-29T09:25:25","guid":{"rendered":"https:\/\/vagas.portalemprego.com.br\/?p=2139"},"modified":"2026-04-29T06:25:25","modified_gmt":"2026-04-29T09:25:25","slug":"meio-oficial-tecnico-de-refrigeracao-construcao-manutencao-rio-de-janeiro","status":"publish","type":"post","link":"https:\/\/vagas.portalemprego.com.br\/?p=2139","title":{"rendered":"Meio Oficial T\u00e9cnico de Refrigera\u00e7\u00e3o &#8211; Constru\u00e7\u00e3o, Manuten\u00e7\u00e3o &#8211; Rio de Janeiro"},"content":{"rendered":"<p>Manuten\u00e7\u00e3o Preventiva e Corretiva eletromec\u00e2nica em: C\u00e2maras Frigor\u00edficas, Splits, Split\u00f5es, Fancoils, Chillers e Sistemas VRF\u2019s;<br \/>\n? Substitui\u00e7\u00f5es de componentes: Filtros, compressores, \u00f3leo, disjuntores, contatoras, Controladores, Ventiladores e outros componentes el\u00e9tricos de refrigera\u00e7\u00e3o;<br \/>\n? Limpeza de equipamentos: Pain\u00e9is el\u00e9tricos, Evaporadores, Condensadores, Unidades Condensadoras e Compressores de Refrigera\u00e7\u00e3o e Climatiza\u00e7\u00e3o.<br \/>\n? Trabalhar tecnicamente com o profissional experientes de el\u00e9trica\/mec\u00e2nica nos contratos de manuten\u00e7\u00e3o Preventiva e Corretiva;<br \/>\n? Preenchimento de OS\u2019s e relat\u00f3rios de execu\u00e7\u00e3o das atividades via celular; <\/p>\n<p>Local de Trabalho: S\u00e3o Francisco Xavier<\/p>\n<p>Hor\u00e1rio e Escala: Segunda a sexta 7h \u00e0s 16h e aos s\u00e1bados quinzenais de 7h \u00e0s 16h<\/p>\n<ul>\n<li>Local de trabalho: Rio de Janeiro, RJ<\/li>\n<li>Regime de contrata\u00e7\u00e3o de tipo: Efetivo \u2013 CLT<\/li>\n<li>Jornada: Per\u00edodo Integral<\/li>\n<li>\u00c1rea e especializa\u00e7\u00e3o profissional: Constru\u00e7\u00e3o, Manuten\u00e7\u00e3o &#8211; Manuten\u00e7\u00e3o e Instala\u00e7\u00f5es<\/li>\n<li>N\u00edvel hier\u00e1rquico: Operacional<\/li>\n<\/ul>\n<p>HABILIDADES<\/p>\n<ul>\n<li>S\u00f3lida experi\u00eancia como t\u00e9nico de refrigera\u00e7\u00e3o<\/li>\n<li>Disponibilidade para trabalhar aos s\u00e1bados (quinzenal)<\/li>\n<li>Ensino M\u00e9dio Completo<\/li>\n<li>Residir na Zona Norte<\/li>\n<li>Boa coloca\u00e7\u00e3o verbal e escrita<\/li>\n<li>Curso t\u00e9cnico em Refrigera\u00e7\u00e3o<\/li>\n<\/ul>\n<p>Escolaridade M\u00ednima: Curso T\u00e9cnico<\/p>\n<p>Forma\u00e7\u00e3o desejada:<\/p>\n<ul>\n<li>Refrigera\u00e7\u00e3o e climatiza\u00e7\u00e3o, Curso T\u00e9cnico<\/li>\n<\/ul>\n<ul>\n<li>Plano Odontol\u00f3gico<\/li>\n<li>Plano de Sa\u00fade<\/li>\n<li>VR<\/li>\n<li>VT<\/li>\n<li>Seguro de Vida<\/li>\n<\/ul>\n<p>Sal\u00e1rio: 2029,39<\/p>\n","protected":false},"excerpt":{"rendered":"<p>Manuten\u00e7\u00e3o Preventiva e Corretiva eletromec\u00e2nica em: C\u00e2maras Frigor\u00edficas, Splits, Split\u00f5es, Fancoils, Chillers e Sistemas VRF\u2019s; ? Substitui\u00e7\u00f5es de componentes: Filtros, compressores, \u00f3leo, disjuntores, contatoras, Controladores, Ventiladores e outros componentes el\u00e9tricos de refrigera\u00e7\u00e3o; ? Limpeza de equipamentos: Pain\u00e9is el\u00e9tricos, Evaporadores, Condensadores, Unidades Condensadoras e Compressores de Refrigera\u00e7\u00e3o e Climatiza\u00e7\u00e3o. ? Trabalhar tecnicamente com o profissional experientes [&hellip;]<\/p>\n","protected":false},"author":1,"featured_media":0,"comment_status":"open","ping_status":"open","sticky":false,"template":"","format":"standard","meta":{"footnotes":""},"categories":[21],"tags":[],"class_list":["post-2139","post","type-post","status-publish","format-standard","hentry","category-rio-de-janeiro-rj"],"_links":{"self":[{"href":"https:\/\/vagas.portalemprego.com.br\/index.php?rest_route=\/wp\/v2\/posts\/2139","targetHints":{"allow":["GET"]}}],"collection":[{"href":"https:\/\/vagas.portalemprego.com.br\/index.php?rest_route=\/wp\/v2\/posts"}],"about":[{"href":"https:\/\/vagas.portalemprego.com.br\/index.php?rest_route=\/wp\/v2\/types\/post"}],"author":[{"embeddable":true,"href":"https:\/\/vagas.portalemprego.com.br\/index.php?rest_route=\/wp\/v2\/users\/1"}],"replies":[{"embeddable":true,"href":"https:\/\/vagas.portalemprego.com.br\/index.php?rest_route=%2Fwp%2Fv2%2Fcomments&post=2139"}],"version-history":[{"count":0,"href":"https:\/\/vagas.portalemprego.com.br\/index.php?rest_route=\/wp\/v2\/posts\/2139\/revisions"}],"wp:attachment":[{"href":"https:\/\/vagas.portalemprego.com.br\/index.php?rest_route=%2Fwp%2Fv2%2Fmedia&parent=2139"}],"wp:term":[{"taxonomy":"category","embeddable":true,"href":"https:\/\/vagas.portalemprego.com.br\/index.php?rest_route=%2Fwp%2Fv2%2Fcategories&post=2139"},{"taxonomy":"post_tag","embeddable":true,"href":"https:\/\/vagas.portalemprego.com.br\/index.php?rest_route=%2Fwp%2Fv2%2Ftags&post=2139"}],"curies":[{"name":"wp","href":"https:\/\/api.w.org\/{rel}","templated":true}]}}