{"id":2147,"date":"2026-04-29T06:26:26","date_gmt":"2026-04-29T09:26:26","guid":{"rendered":"https:\/\/vagas.portalemprego.com.br\/?p=2147"},"modified":"2026-04-29T06:26:26","modified_gmt":"2026-04-29T09:26:26","slug":"auxiliar-de-servicos-gerais-zona-sul-servicos-gerais-rio-de-janeiro-2","status":"publish","type":"post","link":"https:\/\/vagas.portalemprego.com.br\/?p=2147","title":{"rendered":"AUXILIAR DE SERVI\u00c7OS GERAIS &#8211; ZONA SUL &#8211; Servi\u00e7os Gerais &#8211; Rio de Janeiro"},"content":{"rendered":"<p>Auxiliar de Servi\u00e7os Gerais &#8211; Zona Sul<br \/>\nEstamos em busca de um profissional para o cargo de Auxiliar de Servi\u00e7os Gerais na Zona Sul. A oportunidade oferece um ambiente de trabalho din\u00e2mico e colaborativo, onde voc\u00ea contribuir\u00e1 para manter um ambiente limpo e organizado.<br \/>\nFun\u00e7\u00f5es<br \/>\nRealizar limpeza e organiza\u00e7\u00e3o de espa\u00e7os comuns<\/p>\n<p>Requisitos<br \/>\nExperi\u00eancia em servi\u00e7os gerais<br \/>\nConhecimento em limpeza e organiza\u00e7\u00e3o<br \/>\nCapacidade de trabalhar em equipe<br \/>\nAtitude proativa e aten\u00e7\u00e3o aos detalhes<\/p>\n<p>Benef\u00edcios<br \/>\nAmbiente de trabalho acolhedor e colaborativo<br \/>\nOportunidade de crescimento profissional<br \/>\nVALE REFEI\u00c7\u00c3O<\/p>\n<ul>\n<li>N\u00famero de vagas: 10<\/li>\n<li>Local de trabalho: Rio de Janeiro, RJ<\/li>\n<li>Regime de contrata\u00e7\u00e3o de tipo: Efetivo \u2013 CLT<\/li>\n<li>Jornada: Per\u00edodo Integral<\/li>\n<li>\u00c1rea e especializa\u00e7\u00e3o profissional: Servi\u00e7os Gerais &#8211; Higieniza\u00e7\u00e3o \/ Estereliza\u00e7\u00e3o<\/li>\n<li>N\u00edvel hier\u00e1rquico: Operacional<\/li>\n<\/ul>\n<p>Escolaridade M\u00ednima: Ensino Fundamental (1\u00ba grau)<\/p>\n<p>Sal\u00e1rio: 1730,75<\/p>\n","protected":false},"excerpt":{"rendered":"<p>Auxiliar de Servi\u00e7os Gerais &#8211; Zona Sul Estamos em busca de um profissional para o cargo de Auxiliar de Servi\u00e7os Gerais na Zona Sul. A oportunidade oferece um ambiente de trabalho din\u00e2mico e colaborativo, onde voc\u00ea contribuir\u00e1 para manter um ambiente limpo e organizado. Fun\u00e7\u00f5es Realizar limpeza e organiza\u00e7\u00e3o de espa\u00e7os comuns Requisitos Experi\u00eancia em [&hellip;]<\/p>\n","protected":false},"author":1,"featured_media":0,"comment_status":"open","ping_status":"open","sticky":false,"template":"","format":"standard","meta":{"footnotes":""},"categories":[21],"tags":[],"class_list":["post-2147","post","type-post","status-publish","format-standard","hentry","category-rio-de-janeiro-rj"],"_links":{"self":[{"href":"https:\/\/vagas.portalemprego.com.br\/index.php?rest_route=\/wp\/v2\/posts\/2147","targetHints":{"allow":["GET"]}}],"collection":[{"href":"https:\/\/vagas.portalemprego.com.br\/index.php?rest_route=\/wp\/v2\/posts"}],"about":[{"href":"https:\/\/vagas.portalemprego.com.br\/index.php?rest_route=\/wp\/v2\/types\/post"}],"author":[{"embeddable":true,"href":"https:\/\/vagas.portalemprego.com.br\/index.php?rest_route=\/wp\/v2\/users\/1"}],"replies":[{"embeddable":true,"href":"https:\/\/vagas.portalemprego.com.br\/index.php?rest_route=%2Fwp%2Fv2%2Fcomments&post=2147"}],"version-history":[{"count":0,"href":"https:\/\/vagas.portalemprego.com.br\/index.php?rest_route=\/wp\/v2\/posts\/2147\/revisions"}],"wp:attachment":[{"href":"https:\/\/vagas.portalemprego.com.br\/index.php?rest_route=%2Fwp%2Fv2%2Fmedia&parent=2147"}],"wp:term":[{"taxonomy":"category","embeddable":true,"href":"https:\/\/vagas.portalemprego.com.br\/index.php?rest_route=%2Fwp%2Fv2%2Fcategories&post=2147"},{"taxonomy":"post_tag","embeddable":true,"href":"https:\/\/vagas.portalemprego.com.br\/index.php?rest_route=%2Fwp%2Fv2%2Ftags&post=2147"}],"curies":[{"name":"wp","href":"https:\/\/api.w.org\/{rel}","templated":true}]}}