{"id":2151,"date":"2026-04-29T06:26:26","date_gmt":"2026-04-29T09:26:26","guid":{"rendered":"https:\/\/vagas.portalemprego.com.br\/?p=2151"},"modified":"2026-04-29T06:26:26","modified_gmt":"2026-04-29T09:26:26","slug":"operador-de-cftv-seguranca-duque-de-caxias","status":"publish","type":"post","link":"https:\/\/vagas.portalemprego.com.br\/?p=2151","title":{"rendered":"Operador de CFTV &#8211; Seguran\u00e7a &#8211; Duque de Caxias"},"content":{"rendered":"<p>Sobre a fun\u00e7\u00e3o<br \/>\nO Operador de CFTV atuar\u00e1 no monitoramento cont\u00ednuo dos sistemas de seguran\u00e7a eletr\u00f4nica da empresa, exercendo uma fun\u00e7\u00e3o estrat\u00e9gica, altamente restrita e confidencial. Este profissional ter\u00e1 acesso a informa\u00e7\u00f5es sens\u00edveis relacionadas \u00e0 seguran\u00e7a patrimonial, operacional e de pessoas, sendo indispens\u00e1vel postura \u00e9tica, discri\u00e7\u00e3o absoluta e responsabilidade no tratamento de dados e imagens.<\/p>\n<p>Principais atividades<br \/>\n* Realizar o monitoramento ininterrupto das imagens geradas pelo sistema de CFTV;<br \/>\n* Identificar comportamentos suspeitos, ocorr\u00eancias ou n\u00e3o conformidades;<br \/>\n* Registrar e documentar ocorr\u00eancias com precis\u00e3o, respeitando crit\u00e9rios de sigilo;<br \/>\n* Acionar equipes respons\u00e1veis conforme protocolos internos;<br \/>\n* Operar sistemas integrados de seguran\u00e7a (alarmes, controle de acesso, sensores);<br \/>\n* Manter total confidencialidade sobre informa\u00e7\u00f5es, imagens e rotinas operacionais;<br \/>\n* Cumprir rigorosamente os procedimentos de seguran\u00e7a e normas internas;<br \/>\n* Comunicar imediatamente qualquer falha, risco ou incidente identificado;<br \/>\n* Apoiar an\u00e1lises e investiga\u00e7\u00f5es internas quando solicitado.<\/p>\n<p>Requisitos<br \/>\n* Ensino m\u00e9dio completo;<br \/>\n* Conhecimentos b\u00e1sicos de inform\u00e1tica;<br \/>\n* Alta capacidade de concentra\u00e7\u00e3o e aten\u00e7\u00e3o cont\u00ednua;<br \/>\n* Postura \u00e9tica, discri\u00e7\u00e3o e compromisso com sigilo profissional;<br \/>\n* Responsabilidade e confiabilidade comprovadas;<br \/>\n* Disponibilidade para trabalho em escala\/turnos;<br \/>\n* Experi\u00eancia anterior em monitoramento de CFTV;<\/p>\n<p>Diferenciais<br \/>\n* Curso na \u00e1rea de seguran\u00e7a eletr\u00f4nica;<br \/>\n* Viv\u00eancia em ambientes que exigem confidencialidade (ex: centrais, bancos, ind\u00fastrias).<\/p>\n<p>Compet\u00eancias comportamentais<br \/>\n* Sigilo profissional absoluto<br \/>\n* Alto n\u00edvel de responsabilidade<br \/>\n* Disciplina e rigor operacional<br \/>\n* Aten\u00e7\u00e3o concentrada<br \/>\n* Tomada de decis\u00e3o r\u00e1pida<br \/>\n* Controle emocional<\/p>\n<p>Hor\u00e1rio de trabalho<br \/>\n07:00h \u00e0s 17:00h<br \/>\nDe segunda \u00e0 sexta<\/p>\n<ul>\n<li>Local de trabalho: Duque de Caxias, RJ<\/li>\n<li>Regime de contrata\u00e7\u00e3o de tipo: Efetivo \u2013 CLT<\/li>\n<li>Jornada: Per\u00edodo Integral<\/li>\n<li>\u00c1rea e especializa\u00e7\u00e3o profissional: Seguran\u00e7a &#8211; Vigil\u00e2ncia<\/li>\n<li>N\u00edvel hier\u00e1rquico: Operacional<\/li>\n<\/ul>\n<p>VALORIZADO<\/p>\n<p>Tempo de experi\u00eancia: Entre 1 e 3 anos<\/p>\n<p>HABILIDADES<\/p>\n<ul>\n<li>Proativo<\/li>\n<li>Organiza\u00e7\u00e3o<\/li>\n<li>Microsoft Excel<\/li>\n<\/ul>\n<p>Escolaridade M\u00ednima: Curso T\u00e9cnico<\/p>\n<ul>\n<li>Programa de bem-estar e sa\u00fade (Wellhub &#8211; gympass)<\/li>\n<li>Vale Transporte<\/li>\n<li>Alimenta\u00e7\u00e3o Flex R$20,70\/dia<\/li>\n<\/ul>\n<p>Sal\u00e1rio: 1926,0<\/p>\n","protected":false},"excerpt":{"rendered":"<p>Sobre a fun\u00e7\u00e3o O Operador de CFTV atuar\u00e1 no monitoramento cont\u00ednuo dos sistemas de seguran\u00e7a eletr\u00f4nica da empresa, exercendo uma fun\u00e7\u00e3o estrat\u00e9gica, altamente restrita e confidencial. Este profissional ter\u00e1 acesso a informa\u00e7\u00f5es sens\u00edveis relacionadas \u00e0 seguran\u00e7a patrimonial, operacional e de pessoas, sendo indispens\u00e1vel postura \u00e9tica, discri\u00e7\u00e3o absoluta e responsabilidade no tratamento de dados e imagens. [&hellip;]<\/p>\n","protected":false},"author":1,"featured_media":0,"comment_status":"open","ping_status":"open","sticky":false,"template":"","format":"standard","meta":{"footnotes":""},"categories":[21],"tags":[],"class_list":["post-2151","post","type-post","status-publish","format-standard","hentry","category-rio-de-janeiro-rj"],"_links":{"self":[{"href":"https:\/\/vagas.portalemprego.com.br\/index.php?rest_route=\/wp\/v2\/posts\/2151","targetHints":{"allow":["GET"]}}],"collection":[{"href":"https:\/\/vagas.portalemprego.com.br\/index.php?rest_route=\/wp\/v2\/posts"}],"about":[{"href":"https:\/\/vagas.portalemprego.com.br\/index.php?rest_route=\/wp\/v2\/types\/post"}],"author":[{"embeddable":true,"href":"https:\/\/vagas.portalemprego.com.br\/index.php?rest_route=\/wp\/v2\/users\/1"}],"replies":[{"embeddable":true,"href":"https:\/\/vagas.portalemprego.com.br\/index.php?rest_route=%2Fwp%2Fv2%2Fcomments&post=2151"}],"version-history":[{"count":0,"href":"https:\/\/vagas.portalemprego.com.br\/index.php?rest_route=\/wp\/v2\/posts\/2151\/revisions"}],"wp:attachment":[{"href":"https:\/\/vagas.portalemprego.com.br\/index.php?rest_route=%2Fwp%2Fv2%2Fmedia&parent=2151"}],"wp:term":[{"taxonomy":"category","embeddable":true,"href":"https:\/\/vagas.portalemprego.com.br\/index.php?rest_route=%2Fwp%2Fv2%2Fcategories&post=2151"},{"taxonomy":"post_tag","embeddable":true,"href":"https:\/\/vagas.portalemprego.com.br\/index.php?rest_route=%2Fwp%2Fv2%2Ftags&post=2151"}],"curies":[{"name":"wp","href":"https:\/\/api.w.org\/{rel}","templated":true}]}}