{"id":2153,"date":"2026-04-29T06:26:26","date_gmt":"2026-04-29T09:26:26","guid":{"rendered":"https:\/\/vagas.portalemprego.com.br\/?p=2153"},"modified":"2026-04-29T06:26:26","modified_gmt":"2026-04-29T09:26:26","slug":"oficial-de-manutencao-construcao-manutencao-rio-das-ostras","status":"publish","type":"post","link":"https:\/\/vagas.portalemprego.com.br\/?p=2153","title":{"rendered":"Oficial de Manuten\u00e7\u00e3o &#8211; Constru\u00e7\u00e3o, Manuten\u00e7\u00e3o &#8211; Rio das Ostras"},"content":{"rendered":"<p>Estimado candidato,<\/p>\n<p>N\u00f3s estamos \u00e0 procura de um Oficial de Manuten\u00e7\u00e3o Industrial para juntar-se \u00e0 nossa equipe.<br \/>\nA sua miss\u00e3o ser\u00e1 Realiza manuten\u00e7\u00e3o corretiva e preventiva e inspe\u00e7\u00e3o de m\u00e1quinas e equipamentos e identifica necessidades de reparo para preservar as condi\u00e7\u00f5es de funcionamento, al\u00e9m de reparar os equipamentos da empresa em m\u00f3dulo ou container; Executar Manuten\u00e7\u00e3o el\u00e9trica em geral; Manuten\u00e7\u00e3o de refrigera\u00e7\u00e3o(ar condicionado); Executar Manuten\u00e7\u00e3o hidr\u00e1ulica em geral em montagem e manuten\u00e7\u00e3o de container e caixas met\u00e1licas.<\/p>\n<p>Pr\u00e9-Requisitos:<br \/>\n&#8211; Experi\u00eancia em manuten\u00e7\u00e3o industrial , pintura industrial, el\u00e9trica industrial \u00e9 desej\u00e1vel.<br \/>\n&#8211; Capacidade de trabalhar em equipe e seguir instru\u00e7\u00f5es detalhadas.<br \/>\n&#8211; Oriundo de constru\u00e7\u00e3o civil ser\u00e1 um diferencial;<br \/>\n&#8211; Disponibilidade de hor\u00e1rio;<br \/>\n&#8211; Disponibilidade para viagens;<br \/>\n&#8211; Desej\u00e1vel: Curso de El\u00e9trica, refrigera\u00e7\u00e3o, pintura e Hidr\u00e1ulica com no m\u00ednimo de 220h a carga hor\u00e1ria;<\/p>\n<p>No\u00e7\u00f5es b\u00e1sicas:<br \/>\nFerramentas manuais;<br \/>\nFerramentas el\u00e9tricas;<br \/>\nEquipamentos de eleva\u00e7\u00e3o;<\/p>\n<p>Oferecemos:<br \/>\n&#8211; Oportunidades de aprendizagem e crescimento profissional.<br \/>\n&#8211; Local de Trabalho: Zona especial (Zen) &#8211; Rio das Ostras<br \/>\n&#8211; Hor\u00e1rio: 07:30 \u00e0s 17:33 (segunda \u00e0 sexta)<br \/>\n&#8211; Sal\u00e1rio; R$ 2.813,95.<br \/>\n&#8211; Benef\u00edcios: VT de acordo com a localidade<br \/>\n&#8211; Vale Refei\u00e7\u00e3o (R$ 41,37 ao dia trabalhado)<br \/>\n&#8211; Ass. M\u00e9dica + Ass. Odontol\u00f3gica + Seguro de Vida + Auxilio Funeral (Ap\u00f3s os 90 dias).<\/p>\n<ul>\n<li>N\u00famero de vagas: 2<\/li>\n<li>Local de trabalho: Rio das Ostras, RJ<\/li>\n<li>Regime de contrata\u00e7\u00e3o de tipo: Efetivo \u2013 CLT<\/li>\n<li>Jornada: Per\u00edodo Integral<\/li>\n<li>\u00c1rea e especializa\u00e7\u00e3o profissional: Constru\u00e7\u00e3o, Manuten\u00e7\u00e3o &#8211; Manuten\u00e7\u00e3o em Geral<\/li>\n<li>N\u00edvel hier\u00e1rquico: Auxiliar<\/li>\n<\/ul>\n<p>VALORIZADO<\/p>\n<p>Tempo de experi\u00eancia: Entre 1 e 3 anos<\/p>\n<p>HABILIDADES<\/p>\n<ul>\n<li>Comprometimento<\/li>\n<li>Organiza\u00e7\u00e3o<\/li>\n<li>Trabalho em Equipe<\/li>\n<li>Seguran\u00e7a; Conhecimento e pr\u00e1tica de procedimentos de seguran\u00e7a no local de trabalho. Uso adequado de equipamentos de prote\u00e7\u00e3o individual (EPIs)<\/li>\n<li>Responsabilidade<\/li>\n<\/ul>\n<p>Escolaridade M\u00ednima: Ensino M\u00e9dio (2\u00ba Grau)<\/p>\n<p>Disponibilidade para viajar<\/p>\n<ul>\n<li>&#8211;  Plano de Sa\u00fade<\/li>\n<li>&#8211; Plano odontol\u00f3gico<\/li>\n<li>Vale transporte<\/li>\n<li>Vale alimenta\u00e7\u00e3o<\/li>\n<\/ul>\n","protected":false},"excerpt":{"rendered":"<p>Estimado candidato, N\u00f3s estamos \u00e0 procura de um Oficial de Manuten\u00e7\u00e3o Industrial para juntar-se \u00e0 nossa equipe. A sua miss\u00e3o ser\u00e1 Realiza manuten\u00e7\u00e3o corretiva e preventiva e inspe\u00e7\u00e3o de m\u00e1quinas e equipamentos e identifica necessidades de reparo para preservar as condi\u00e7\u00f5es de funcionamento, al\u00e9m de reparar os equipamentos da empresa em m\u00f3dulo ou container; Executar [&hellip;]<\/p>\n","protected":false},"author":1,"featured_media":0,"comment_status":"open","ping_status":"open","sticky":false,"template":"","format":"standard","meta":{"footnotes":""},"categories":[21],"tags":[],"class_list":["post-2153","post","type-post","status-publish","format-standard","hentry","category-rio-de-janeiro-rj"],"_links":{"self":[{"href":"https:\/\/vagas.portalemprego.com.br\/index.php?rest_route=\/wp\/v2\/posts\/2153","targetHints":{"allow":["GET"]}}],"collection":[{"href":"https:\/\/vagas.portalemprego.com.br\/index.php?rest_route=\/wp\/v2\/posts"}],"about":[{"href":"https:\/\/vagas.portalemprego.com.br\/index.php?rest_route=\/wp\/v2\/types\/post"}],"author":[{"embeddable":true,"href":"https:\/\/vagas.portalemprego.com.br\/index.php?rest_route=\/wp\/v2\/users\/1"}],"replies":[{"embeddable":true,"href":"https:\/\/vagas.portalemprego.com.br\/index.php?rest_route=%2Fwp%2Fv2%2Fcomments&post=2153"}],"version-history":[{"count":0,"href":"https:\/\/vagas.portalemprego.com.br\/index.php?rest_route=\/wp\/v2\/posts\/2153\/revisions"}],"wp:attachment":[{"href":"https:\/\/vagas.portalemprego.com.br\/index.php?rest_route=%2Fwp%2Fv2%2Fmedia&parent=2153"}],"wp:term":[{"taxonomy":"category","embeddable":true,"href":"https:\/\/vagas.portalemprego.com.br\/index.php?rest_route=%2Fwp%2Fv2%2Fcategories&post=2153"},{"taxonomy":"post_tag","embeddable":true,"href":"https:\/\/vagas.portalemprego.com.br\/index.php?rest_route=%2Fwp%2Fv2%2Ftags&post=2153"}],"curies":[{"name":"wp","href":"https:\/\/api.w.org\/{rel}","templated":true}]}}