{"id":2157,"date":"2026-04-29T06:26:26","date_gmt":"2026-04-29T09:26:26","guid":{"rendered":"https:\/\/vagas.portalemprego.com.br\/?p=2157"},"modified":"2026-04-29T06:26:26","modified_gmt":"2026-04-29T09:26:26","slug":"enfermeiro-ii-semi-intensiva-temporario-saude-rio-de-janeiro","status":"publish","type":"post","link":"https:\/\/vagas.portalemprego.com.br\/?p=2157","title":{"rendered":"Enfermeiro II &#8211; Semi Intensiva | Tempor\u00e1rio &#8211; Sa\u00fade &#8211; Rio de Janeiro"},"content":{"rendered":"<p>O profissional ir\u00e1 executar atividades na assist\u00eancia de enfermagem aos pacientes em atendimento na institui\u00e7\u00e3o, utilizando t\u00e9cnicas apropriadas para cada procedimento e trabalhando conforme as boas pr\u00e1ticas, normas e procedimentos de biosseguran\u00e7a e conforme prerrogativas estabelecidas pelo Conselho de Classe, contribuindo com o tratamento e recupera\u00e7\u00e3o do paciente.<\/p>\n<p>Requisitos:<br \/>\nSuperior completo com COREN ativo;<br \/>\nExperi\u00eancia de no minimo 1 ano em CTI geral e\/ou Cardiointensiva, Neurointensiva ou Semi intensiva;<br \/>\nDisponibilidade para atuar das 07h00 \u00e1s 19h00 &#8211; 12&#215;36.<br \/>\nTemporario 90 dias com possibilidade de prorrogar.<br \/>\nLocal: Botafogo, proximo a a esta\u00e7\u00e3o.<\/p>\n<ul>\n<li>Local de trabalho: Rio de Janeiro, RJ<\/li>\n<li>Regime de contrata\u00e7\u00e3o de tipo: Tempor\u00e1rio<\/li>\n<li>Jornada: Per\u00edodo Integral<\/li>\n<li>\u00c1rea e especializa\u00e7\u00e3o profissional: Sa\u00fade &#8211; Enfermagem<\/li>\n<li>N\u00edvel hier\u00e1rquico: Especialista<\/li>\n<\/ul>\n<p>VALORIZADO<\/p>\n<p>Tempo de experi\u00eancia: Entre 1 e 3 anos<\/p>\n<p>Escolaridade M\u00ednima: Ensino Superior<\/p>\n<ul>\n<li>vale transporte<\/li>\n<li>refeit\u00f3rio no local<\/li>\n<\/ul>\n<p>Sal\u00e1rio: 4196,0<\/p>\n","protected":false},"excerpt":{"rendered":"<p>O profissional ir\u00e1 executar atividades na assist\u00eancia de enfermagem aos pacientes em atendimento na institui\u00e7\u00e3o, utilizando t\u00e9cnicas apropriadas para cada procedimento e trabalhando conforme as boas pr\u00e1ticas, normas e procedimentos de biosseguran\u00e7a e conforme prerrogativas estabelecidas pelo Conselho de Classe, contribuindo com o tratamento e recupera\u00e7\u00e3o do paciente. Requisitos: Superior completo com COREN ativo; Experi\u00eancia [&hellip;]<\/p>\n","protected":false},"author":1,"featured_media":0,"comment_status":"open","ping_status":"open","sticky":false,"template":"","format":"standard","meta":{"footnotes":""},"categories":[21],"tags":[],"class_list":["post-2157","post","type-post","status-publish","format-standard","hentry","category-rio-de-janeiro-rj"],"_links":{"self":[{"href":"https:\/\/vagas.portalemprego.com.br\/index.php?rest_route=\/wp\/v2\/posts\/2157","targetHints":{"allow":["GET"]}}],"collection":[{"href":"https:\/\/vagas.portalemprego.com.br\/index.php?rest_route=\/wp\/v2\/posts"}],"about":[{"href":"https:\/\/vagas.portalemprego.com.br\/index.php?rest_route=\/wp\/v2\/types\/post"}],"author":[{"embeddable":true,"href":"https:\/\/vagas.portalemprego.com.br\/index.php?rest_route=\/wp\/v2\/users\/1"}],"replies":[{"embeddable":true,"href":"https:\/\/vagas.portalemprego.com.br\/index.php?rest_route=%2Fwp%2Fv2%2Fcomments&post=2157"}],"version-history":[{"count":0,"href":"https:\/\/vagas.portalemprego.com.br\/index.php?rest_route=\/wp\/v2\/posts\/2157\/revisions"}],"wp:attachment":[{"href":"https:\/\/vagas.portalemprego.com.br\/index.php?rest_route=%2Fwp%2Fv2%2Fmedia&parent=2157"}],"wp:term":[{"taxonomy":"category","embeddable":true,"href":"https:\/\/vagas.portalemprego.com.br\/index.php?rest_route=%2Fwp%2Fv2%2Fcategories&post=2157"},{"taxonomy":"post_tag","embeddable":true,"href":"https:\/\/vagas.portalemprego.com.br\/index.php?rest_route=%2Fwp%2Fv2%2Ftags&post=2157"}],"curies":[{"name":"wp","href":"https:\/\/api.w.org\/{rel}","templated":true}]}}