{"id":2159,"date":"2026-04-29T06:26:26","date_gmt":"2026-04-29T09:26:26","guid":{"rendered":"https:\/\/vagas.portalemprego.com.br\/?p=2159"},"modified":"2026-04-29T06:26:26","modified_gmt":"2026-04-29T09:26:26","slug":"ajudante-de-refrigeracao-construcao-manutencao-rio-de-janeiro","status":"publish","type":"post","link":"https:\/\/vagas.portalemprego.com.br\/?p=2159","title":{"rendered":"Ajudante de Refrigera\u00e7\u00e3o &#8211; Constru\u00e7\u00e3o, Manuten\u00e7\u00e3o &#8211; Rio de Janeiro"},"content":{"rendered":"<p>Principais Responsabilidades e Atribui\u00e7\u00f5es<br \/>\nAuxiliar na instala\u00e7\u00e3o, manuten\u00e7\u00e3o preventiva e corretiva de equipamentos de refrigera\u00e7\u00e3o e ar-condicionado;<br \/>\nApoiar o t\u00e9cnico de refrigera\u00e7\u00e3o em atividades di\u00e1rias de campo;<br \/>\nAuxiliar na limpeza de evaporadores, condensadores, filtros e bandejas;<br \/>\nTransportar, organizar e preparar ferramentas, materiais e pe\u00e7as;<br \/>\nApoiar na montagem e desmontagem de componentes mec\u00e2nicos e el\u00e9tricos simples;<br \/>\nAuxiliar na verifica\u00e7\u00e3o de vazamentos e testes b\u00e1sicos de funcionamento;<br \/>\nRealizar a organiza\u00e7\u00e3o e limpeza do local de trabalho ap\u00f3s os servi\u00e7os;<br \/>\nCumprir orienta\u00e7\u00f5es t\u00e9cnicas e ordens de servi\u00e7o;<br \/>\nUtilizar corretamente EPIs e seguir normas de seguran\u00e7a do trabalho.<\/p>\n<ul>\n<li>N\u00famero de vagas: 4<\/li>\n<li>Local de trabalho: Rio de Janeiro, RJ<\/li>\n<li>Regime de contrata\u00e7\u00e3o de tipo: Efetivo \u2013 CLT<\/li>\n<li>Jornada: Per\u00edodo Integral<\/li>\n<li>\u00c1rea e especializa\u00e7\u00e3o profissional: Constru\u00e7\u00e3o, Manuten\u00e7\u00e3o &#8211; Manuten\u00e7\u00e3o em Geral<\/li>\n<li>N\u00edvel hier\u00e1rquico: Auxiliar<\/li>\n<\/ul>\n<p>VALORIZADO<\/p>\n<p>Tempo de experi\u00eancia: Sem experi\u00eancia<\/p>\n<p>Escolaridade M\u00ednima: Ensino Fundamental (1\u00ba grau)<\/p>\n<ul>\n<li>SEGURO DE VIDA<\/li>\n<li>PLANO DE SAUDE<\/li>\n<li>PLANO ODONTOLOGICO<\/li>\n<li>VALE TRANSPORTE<\/li>\n<li>VALE REFEI\u00c7\u00c3O<\/li>\n<li>VALE ALIMENTA\u00c7\u00c3O<\/li>\n<li>WELLHUB<\/li>\n<\/ul>\n<p>Sal\u00e1rio: 1691,34<\/p>\n","protected":false},"excerpt":{"rendered":"<p>Principais Responsabilidades e Atribui\u00e7\u00f5es Auxiliar na instala\u00e7\u00e3o, manuten\u00e7\u00e3o preventiva e corretiva de equipamentos de refrigera\u00e7\u00e3o e ar-condicionado; Apoiar o t\u00e9cnico de refrigera\u00e7\u00e3o em atividades di\u00e1rias de campo; Auxiliar na limpeza de evaporadores, condensadores, filtros e bandejas; Transportar, organizar e preparar ferramentas, materiais e pe\u00e7as; Apoiar na montagem e desmontagem de componentes mec\u00e2nicos e el\u00e9tricos simples; [&hellip;]<\/p>\n","protected":false},"author":1,"featured_media":0,"comment_status":"open","ping_status":"open","sticky":false,"template":"","format":"standard","meta":{"footnotes":""},"categories":[21],"tags":[],"class_list":["post-2159","post","type-post","status-publish","format-standard","hentry","category-rio-de-janeiro-rj"],"_links":{"self":[{"href":"https:\/\/vagas.portalemprego.com.br\/index.php?rest_route=\/wp\/v2\/posts\/2159","targetHints":{"allow":["GET"]}}],"collection":[{"href":"https:\/\/vagas.portalemprego.com.br\/index.php?rest_route=\/wp\/v2\/posts"}],"about":[{"href":"https:\/\/vagas.portalemprego.com.br\/index.php?rest_route=\/wp\/v2\/types\/post"}],"author":[{"embeddable":true,"href":"https:\/\/vagas.portalemprego.com.br\/index.php?rest_route=\/wp\/v2\/users\/1"}],"replies":[{"embeddable":true,"href":"https:\/\/vagas.portalemprego.com.br\/index.php?rest_route=%2Fwp%2Fv2%2Fcomments&post=2159"}],"version-history":[{"count":0,"href":"https:\/\/vagas.portalemprego.com.br\/index.php?rest_route=\/wp\/v2\/posts\/2159\/revisions"}],"wp:attachment":[{"href":"https:\/\/vagas.portalemprego.com.br\/index.php?rest_route=%2Fwp%2Fv2%2Fmedia&parent=2159"}],"wp:term":[{"taxonomy":"category","embeddable":true,"href":"https:\/\/vagas.portalemprego.com.br\/index.php?rest_route=%2Fwp%2Fv2%2Fcategories&post=2159"},{"taxonomy":"post_tag","embeddable":true,"href":"https:\/\/vagas.portalemprego.com.br\/index.php?rest_route=%2Fwp%2Fv2%2Ftags&post=2159"}],"curies":[{"name":"wp","href":"https:\/\/api.w.org\/{rel}","templated":true}]}}