{"id":2165,"date":"2026-04-29T06:26:26","date_gmt":"2026-04-29T09:26:26","guid":{"rendered":"https:\/\/vagas.portalemprego.com.br\/?p=2165"},"modified":"2026-04-29T06:26:26","modified_gmt":"2026-04-29T09:26:26","slug":"tecnico-em-refrigeracao-macae-construcao-manutencao-macae","status":"publish","type":"post","link":"https:\/\/vagas.portalemprego.com.br\/?p=2165","title":{"rendered":"T\u00e9cnico em Refrigera\u00e7\u00e3o &#8211; Maca\u00e9 &#8211; Constru\u00e7\u00e3o, Manuten\u00e7\u00e3o &#8211; Maca\u00e9"},"content":{"rendered":"<p>?? Principais Atividades<br \/>\nRealizar manuten\u00e7\u00e3o el\u00e9trica e mec\u00e2nica em equipamentos<br \/>\nExecutar manuten\u00e7\u00e3o preventiva e corretiva<br \/>\nInstalar e reparar m\u00e1quinas e sistemas industriais<br \/>\nIdentificar e corrigir falhas el\u00e9tricas e mec\u00e2nicas<br \/>\nApoiar na montagem e ajustes de equipamentos<\/p>\n<p>?? Requisitos<br \/>\nExperi\u00eancia na fun\u00e7\u00e3o de eletromec\u00e2nico<br \/>\nConhecimentos em el\u00e9trica e mec\u00e2nica industrial<br \/>\nDisponibilidade para atuar na escala informada<br \/>\nCurso t\u00e9cnico ser\u00e1 considerado diferencial.<\/p>\n<ul>\n<li>N\u00famero de vagas: 5<\/li>\n<li>Local de trabalho: Maca\u00e9, RJ<\/li>\n<li>Regime de contrata\u00e7\u00e3o de tipo: Efetivo \u2013 CLT<\/li>\n<li>Jornada: Per\u00edodo Integral<\/li>\n<li>\u00c1rea e especializa\u00e7\u00e3o profissional: Constru\u00e7\u00e3o, Manuten\u00e7\u00e3o &#8211; Constru\u00e7\u00e3o Civil<\/li>\n<li>N\u00edvel hier\u00e1rquico: Especialista<\/li>\n<\/ul>\n<p>VALORIZADO<\/p>\n<p>Tempo de experi\u00eancia: Menos de 1 ano<\/p>\n<p>Escolaridade M\u00ednima: Curso T\u00e9cnico<\/p>\n<ul>\n<li>Vale transporte (modal)<\/li>\n<li>30% Periculosidade<\/li>\n<li>Vale refei\u00e7\u00e3o R$ 25,00<\/li>\n<li>Plano de sa\u00fade<\/li>\n<\/ul>\n<p>Sal\u00e1rio: 3000,0<\/p>\n","protected":false},"excerpt":{"rendered":"<p>?? Principais Atividades Realizar manuten\u00e7\u00e3o el\u00e9trica e mec\u00e2nica em equipamentos Executar manuten\u00e7\u00e3o preventiva e corretiva Instalar e reparar m\u00e1quinas e sistemas industriais Identificar e corrigir falhas el\u00e9tricas e mec\u00e2nicas Apoiar na montagem e ajustes de equipamentos ?? Requisitos Experi\u00eancia na fun\u00e7\u00e3o de eletromec\u00e2nico Conhecimentos em el\u00e9trica e mec\u00e2nica industrial Disponibilidade para atuar na escala informada [&hellip;]<\/p>\n","protected":false},"author":1,"featured_media":0,"comment_status":"open","ping_status":"open","sticky":false,"template":"","format":"standard","meta":{"footnotes":""},"categories":[21],"tags":[],"class_list":["post-2165","post","type-post","status-publish","format-standard","hentry","category-rio-de-janeiro-rj"],"_links":{"self":[{"href":"https:\/\/vagas.portalemprego.com.br\/index.php?rest_route=\/wp\/v2\/posts\/2165","targetHints":{"allow":["GET"]}}],"collection":[{"href":"https:\/\/vagas.portalemprego.com.br\/index.php?rest_route=\/wp\/v2\/posts"}],"about":[{"href":"https:\/\/vagas.portalemprego.com.br\/index.php?rest_route=\/wp\/v2\/types\/post"}],"author":[{"embeddable":true,"href":"https:\/\/vagas.portalemprego.com.br\/index.php?rest_route=\/wp\/v2\/users\/1"}],"replies":[{"embeddable":true,"href":"https:\/\/vagas.portalemprego.com.br\/index.php?rest_route=%2Fwp%2Fv2%2Fcomments&post=2165"}],"version-history":[{"count":0,"href":"https:\/\/vagas.portalemprego.com.br\/index.php?rest_route=\/wp\/v2\/posts\/2165\/revisions"}],"wp:attachment":[{"href":"https:\/\/vagas.portalemprego.com.br\/index.php?rest_route=%2Fwp%2Fv2%2Fmedia&parent=2165"}],"wp:term":[{"taxonomy":"category","embeddable":true,"href":"https:\/\/vagas.portalemprego.com.br\/index.php?rest_route=%2Fwp%2Fv2%2Fcategories&post=2165"},{"taxonomy":"post_tag","embeddable":true,"href":"https:\/\/vagas.portalemprego.com.br\/index.php?rest_route=%2Fwp%2Fv2%2Ftags&post=2165"}],"curies":[{"name":"wp","href":"https:\/\/api.w.org\/{rel}","templated":true}]}}