{"id":2170,"date":"2026-04-29T06:26:26","date_gmt":"2026-04-29T09:26:26","guid":{"rendered":"https:\/\/vagas.portalemprego.com.br\/?p=2170"},"modified":"2026-04-29T06:26:26","modified_gmt":"2026-04-29T09:26:26","slug":"auxiliar-de-logistica-operacional-logistica-sao-joao-de-meriti","status":"publish","type":"post","link":"https:\/\/vagas.portalemprego.com.br\/?p=2170","title":{"rendered":"Auxiliar de Log\u00edstica Operacional &#8211; Log\u00edstica &#8211; S\u00e3o Jo\u00e3o de Meriti"},"content":{"rendered":"<p>A Adecco em parceria com grande empresa de distribui\u00e7\u00e3o de carnes no Brasil em busca um\u00a0Auxiliar de Log\u00edstica Operacional.<br \/>\nAtividades<br \/>\nAuxiliar na contagem de ganchos;<br \/>\nCalibragem e inspe\u00e7\u00e3o de pneus;<br \/>\nAnota\u00e7\u00f5es de quilometragem e outras atividades relacionadas no aux\u00edlio da log\u00edstica de transporte.<br \/>\n\u00a0<br \/>\nRequisitos:<br \/>\n\u00a0Ensino m\u00e9dio completo;\u00a0<br \/>\n\u00a0Vivencia anterior na fun\u00e7\u00e3o;\u00a0<br \/>\nDisponibilidade para atuar na escala 6&#215;1 &#8211; Segunda a s\u00e1bado das 14h \u00e0s 20h20;<br \/>\nResidir na regi\u00e3o de S\u00e3o Jo\u00e3o de Meriti-RJ.<\/p>\n<ul>\n<li>Local de trabalho: S\u00e3o Jo\u00e3o de Meriti, RJ<\/li>\n<li>Regime de contrata\u00e7\u00e3o de tipo: Efetivo \u2013 CLT<\/li>\n<li>Jornada: Per\u00edodo Integral<\/li>\n<li>\u00c1rea e especializa\u00e7\u00e3o profissional: Log\u00edstica &#8211; Log\u00edstica<\/li>\n<li>N\u00edvel hier\u00e1rquico: Auxiliar<\/li>\n<\/ul>\n<p>VALORIZADO<\/p>\n<p>Tempo de experi\u00eancia: Menos de 1 ano<\/p>\n<p>Escolaridade M\u00ednima: Ensino M\u00e9dio (2\u00ba Grau)<\/p>\n<p>Sal\u00e1rio: 1735,58<\/p>\n","protected":false},"excerpt":{"rendered":"<p>A Adecco em parceria com grande empresa de distribui\u00e7\u00e3o de carnes no Brasil em busca um\u00a0Auxiliar de Log\u00edstica Operacional. Atividades Auxiliar na contagem de ganchos; Calibragem e inspe\u00e7\u00e3o de pneus; Anota\u00e7\u00f5es de quilometragem e outras atividades relacionadas no aux\u00edlio da log\u00edstica de transporte. \u00a0 Requisitos: \u00a0Ensino m\u00e9dio completo;\u00a0 \u00a0Vivencia anterior na fun\u00e7\u00e3o;\u00a0 Disponibilidade para atuar [&hellip;]<\/p>\n","protected":false},"author":1,"featured_media":0,"comment_status":"open","ping_status":"open","sticky":false,"template":"","format":"standard","meta":{"footnotes":""},"categories":[21],"tags":[],"class_list":["post-2170","post","type-post","status-publish","format-standard","hentry","category-rio-de-janeiro-rj"],"_links":{"self":[{"href":"https:\/\/vagas.portalemprego.com.br\/index.php?rest_route=\/wp\/v2\/posts\/2170","targetHints":{"allow":["GET"]}}],"collection":[{"href":"https:\/\/vagas.portalemprego.com.br\/index.php?rest_route=\/wp\/v2\/posts"}],"about":[{"href":"https:\/\/vagas.portalemprego.com.br\/index.php?rest_route=\/wp\/v2\/types\/post"}],"author":[{"embeddable":true,"href":"https:\/\/vagas.portalemprego.com.br\/index.php?rest_route=\/wp\/v2\/users\/1"}],"replies":[{"embeddable":true,"href":"https:\/\/vagas.portalemprego.com.br\/index.php?rest_route=%2Fwp%2Fv2%2Fcomments&post=2170"}],"version-history":[{"count":0,"href":"https:\/\/vagas.portalemprego.com.br\/index.php?rest_route=\/wp\/v2\/posts\/2170\/revisions"}],"wp:attachment":[{"href":"https:\/\/vagas.portalemprego.com.br\/index.php?rest_route=%2Fwp%2Fv2%2Fmedia&parent=2170"}],"wp:term":[{"taxonomy":"category","embeddable":true,"href":"https:\/\/vagas.portalemprego.com.br\/index.php?rest_route=%2Fwp%2Fv2%2Fcategories&post=2170"},{"taxonomy":"post_tag","embeddable":true,"href":"https:\/\/vagas.portalemprego.com.br\/index.php?rest_route=%2Fwp%2Fv2%2Ftags&post=2170"}],"curies":[{"name":"wp","href":"https:\/\/api.w.org\/{rel}","templated":true}]}}