{"id":2176,"date":"2026-04-29T06:26:26","date_gmt":"2026-04-29T09:26:26","guid":{"rendered":"https:\/\/vagas.portalemprego.com.br\/?p=2176"},"modified":"2026-04-29T06:26:26","modified_gmt":"2026-04-29T09:26:26","slug":"padeiro-flamengo-comercial-vendas-rio-de-janeiro","status":"publish","type":"post","link":"https:\/\/vagas.portalemprego.com.br\/?p=2176","title":{"rendered":"PADEIRO &#8211; FLAMENGO &#8211; Comercial, Vendas &#8211; Rio de Janeiro"},"content":{"rendered":"<p>Introdu\u00e7\u00e3o:O Grupo Da Horta busca um profissional para a posi\u00e7\u00e3o de PADEIRO no Recreio. Trabalhar conosco significa fazer parte de uma equipe dedicada a oferecer produtos de alta qualidade e sabor inigual\u00e1vel.<br \/>\nFun\u00e7\u00f5es:<br \/>\nGerenciar a produ\u00e7\u00e3o de produtos de panifica\u00e7\u00e3o<br \/>\nCoordenar o processo de fabrica\u00e7\u00e3o de massas e bolos<br \/>\nAcompanhar as normas de higiene e seguran\u00e7a alimentar<br \/>\nColaborar com a equipe de vendas para atender os clientes<\/p>\n<p>Requisitos:<br \/>\nExperi\u00eancia em panifica\u00e7\u00e3o<br \/>\nConhecimento em t\u00e9cnicas de fabrica\u00e7\u00e3o de massas<br \/>\nCapacidade de gerenciar processos de produ\u00e7\u00e3o<br \/>\nHabilidade em garantir a qualidade dos produtos<\/p>\n<p>Esta oportunidade \u00e9 presencial e localizada no Recreio. Junte-se a n\u00f3s e contribua para o sucesso do Grupo Da Horta!<\/p>\n<ul>\n<li>Local de trabalho: Rio de Janeiro, RJ<\/li>\n<li>Regime de contrata\u00e7\u00e3o de tipo: Efetivo \u2013 CLT<\/li>\n<li>Jornada: Per\u00edodo Integral<\/li>\n<li>\u00c1rea e especializa\u00e7\u00e3o profissional: Comercial, Vendas &#8211; Lojas \/ Shopping<\/li>\n<li>N\u00edvel hier\u00e1rquico: Operacional<\/li>\n<\/ul>\n<p>VALORIZADO<\/p>\n<p>Tempo de experi\u00eancia: Entre 1 e 3 anos<\/p>\n<p>Escolaridade M\u00ednima: Ensino Fundamental (1\u00ba grau)<\/p>\n<ul>\n<li>Vale-transporte<\/li>\n<li>Vale-alimenta\u00e7\u00e3o<\/li>\n<\/ul>\n<p>Sal\u00e1rio: 2205,81<\/p>\n","protected":false},"excerpt":{"rendered":"<p>Introdu\u00e7\u00e3o:O Grupo Da Horta busca um profissional para a posi\u00e7\u00e3o de PADEIRO no Recreio. Trabalhar conosco significa fazer parte de uma equipe dedicada a oferecer produtos de alta qualidade e sabor inigual\u00e1vel. Fun\u00e7\u00f5es: Gerenciar a produ\u00e7\u00e3o de produtos de panifica\u00e7\u00e3o Coordenar o processo de fabrica\u00e7\u00e3o de massas e bolos Acompanhar as normas de higiene e [&hellip;]<\/p>\n","protected":false},"author":1,"featured_media":0,"comment_status":"open","ping_status":"open","sticky":false,"template":"","format":"standard","meta":{"footnotes":""},"categories":[21],"tags":[],"class_list":["post-2176","post","type-post","status-publish","format-standard","hentry","category-rio-de-janeiro-rj"],"_links":{"self":[{"href":"https:\/\/vagas.portalemprego.com.br\/index.php?rest_route=\/wp\/v2\/posts\/2176","targetHints":{"allow":["GET"]}}],"collection":[{"href":"https:\/\/vagas.portalemprego.com.br\/index.php?rest_route=\/wp\/v2\/posts"}],"about":[{"href":"https:\/\/vagas.portalemprego.com.br\/index.php?rest_route=\/wp\/v2\/types\/post"}],"author":[{"embeddable":true,"href":"https:\/\/vagas.portalemprego.com.br\/index.php?rest_route=\/wp\/v2\/users\/1"}],"replies":[{"embeddable":true,"href":"https:\/\/vagas.portalemprego.com.br\/index.php?rest_route=%2Fwp%2Fv2%2Fcomments&post=2176"}],"version-history":[{"count":0,"href":"https:\/\/vagas.portalemprego.com.br\/index.php?rest_route=\/wp\/v2\/posts\/2176\/revisions"}],"wp:attachment":[{"href":"https:\/\/vagas.portalemprego.com.br\/index.php?rest_route=%2Fwp%2Fv2%2Fmedia&parent=2176"}],"wp:term":[{"taxonomy":"category","embeddable":true,"href":"https:\/\/vagas.portalemprego.com.br\/index.php?rest_route=%2Fwp%2Fv2%2Fcategories&post=2176"},{"taxonomy":"post_tag","embeddable":true,"href":"https:\/\/vagas.portalemprego.com.br\/index.php?rest_route=%2Fwp%2Fv2%2Ftags&post=2176"}],"curies":[{"name":"wp","href":"https:\/\/api.w.org\/{rel}","templated":true}]}}