{"id":2178,"date":"2026-04-29T06:26:26","date_gmt":"2026-04-29T09:26:26","guid":{"rendered":"https:\/\/vagas.portalemprego.com.br\/?p=2178"},"modified":"2026-04-29T06:26:26","modified_gmt":"2026-04-29T09:26:26","slug":"lavador-de-veiculos-construcao-manutencao-rio-de-janeiro","status":"publish","type":"post","link":"https:\/\/vagas.portalemprego.com.br\/?p=2178","title":{"rendered":"Lavador de Ve\u00edculos &#8211; Constru\u00e7\u00e3o, Manuten\u00e7\u00e3o &#8211; Rio de Janeiro"},"content":{"rendered":"<p>VAGA ABERTA \u2013 IN\u00cdCIO IMEDIATO | LAVADOR DE AUTOM\u00d3VEIS<\/p>\n<p>A Verzani &amp; Sandrini est\u00e1 contratando agora!<br \/>\nSe voc\u00ea tem experi\u00eancia com ve\u00edculos e quer uma oportunidade com carteira assinada e benef\u00edcios, essa vaga \u00e9 pra voc\u00ea!<\/p>\n<p>O que voc\u00ea vai fazer:<br \/>\nLavagem e higieniza\u00e7\u00e3o de ve\u00edculos<br \/>\nOrganiza\u00e7\u00e3o e cuidado com os autom\u00f3veis<\/p>\n<p>Requisitos:<br \/>\nCNH ativa (obrigat\u00f3rio)<br \/>\nResponsabilidade e agilidade<\/p>\n<p>Hor\u00e1rio:<br \/>\nSegunda a sexta (6&#215;1)<br \/>\n22:00 \u00e0s 06:00 ( S\u00e1bado \u2013 18:00 \u00e0s 22h )<\/p>\n<p>Benef\u00edcios:<br \/>\nSal\u00e1rio: R$ 1.730,75<br \/>\nVale Transporte<br \/>\nVA: R$ 25,00 por dia<br \/>\nPlano odontol\u00f3gico opcional<\/p>\n<p>Vagas limitadas! Candidate-se agora e garanta sua chance.<\/p>\n<ul>\n<li>Local de trabalho: Rio de Janeiro, RJ<\/li>\n<li>Regime de contrata\u00e7\u00e3o de tipo: Efetivo \u2013 CLT<\/li>\n<li>Jornada: Per\u00edodo Integral<\/li>\n<li>\u00c1rea e especializa\u00e7\u00e3o profissional: Constru\u00e7\u00e3o, Manuten\u00e7\u00e3o &#8211; Lavagem de Autom\u00f3veis<\/li>\n<li>N\u00edvel hier\u00e1rquico: Operacional<\/li>\n<\/ul>\n<p>VALORIZADO<\/p>\n<p>Tempo de experi\u00eancia: Entre 1 e 3 anos<\/p>\n<p>Escolaridade M\u00ednima: Ensino Fundamental (1\u00ba grau)<\/p>\n<p>Habilita\u00e7\u00e3o para dirigir: B<\/p>\n<ul>\n<li>Vale-alimenta\u00e7\u00e3o<\/li>\n<li>Vale-transporte<\/li>\n<li>Seguro de Vida<\/li>\n<\/ul>\n<p>Sal\u00e1rio: 1730,75<\/p>\n","protected":false},"excerpt":{"rendered":"<p>VAGA ABERTA \u2013 IN\u00cdCIO IMEDIATO | LAVADOR DE AUTOM\u00d3VEIS A Verzani &amp; Sandrini est\u00e1 contratando agora! Se voc\u00ea tem experi\u00eancia com ve\u00edculos e quer uma oportunidade com carteira assinada e benef\u00edcios, essa vaga \u00e9 pra voc\u00ea! O que voc\u00ea vai fazer: Lavagem e higieniza\u00e7\u00e3o de ve\u00edculos Organiza\u00e7\u00e3o e cuidado com os autom\u00f3veis Requisitos: CNH ativa [&hellip;]<\/p>\n","protected":false},"author":1,"featured_media":0,"comment_status":"open","ping_status":"open","sticky":false,"template":"","format":"standard","meta":{"footnotes":""},"categories":[21],"tags":[],"class_list":["post-2178","post","type-post","status-publish","format-standard","hentry","category-rio-de-janeiro-rj"],"_links":{"self":[{"href":"https:\/\/vagas.portalemprego.com.br\/index.php?rest_route=\/wp\/v2\/posts\/2178","targetHints":{"allow":["GET"]}}],"collection":[{"href":"https:\/\/vagas.portalemprego.com.br\/index.php?rest_route=\/wp\/v2\/posts"}],"about":[{"href":"https:\/\/vagas.portalemprego.com.br\/index.php?rest_route=\/wp\/v2\/types\/post"}],"author":[{"embeddable":true,"href":"https:\/\/vagas.portalemprego.com.br\/index.php?rest_route=\/wp\/v2\/users\/1"}],"replies":[{"embeddable":true,"href":"https:\/\/vagas.portalemprego.com.br\/index.php?rest_route=%2Fwp%2Fv2%2Fcomments&post=2178"}],"version-history":[{"count":0,"href":"https:\/\/vagas.portalemprego.com.br\/index.php?rest_route=\/wp\/v2\/posts\/2178\/revisions"}],"wp:attachment":[{"href":"https:\/\/vagas.portalemprego.com.br\/index.php?rest_route=%2Fwp%2Fv2%2Fmedia&parent=2178"}],"wp:term":[{"taxonomy":"category","embeddable":true,"href":"https:\/\/vagas.portalemprego.com.br\/index.php?rest_route=%2Fwp%2Fv2%2Fcategories&post=2178"},{"taxonomy":"post_tag","embeddable":true,"href":"https:\/\/vagas.portalemprego.com.br\/index.php?rest_route=%2Fwp%2Fv2%2Ftags&post=2178"}],"curies":[{"name":"wp","href":"https:\/\/api.w.org\/{rel}","templated":true}]}}