{"id":2180,"date":"2026-04-29T06:26:26","date_gmt":"2026-04-29T09:26:26","guid":{"rendered":"https:\/\/vagas.portalemprego.com.br\/?p=2180"},"modified":"2026-04-29T06:26:26","modified_gmt":"2026-04-29T09:26:26","slug":"analista-de-licitacao-e-compras-senior-cbtm-conferedacao-brasileira-de-tenis-de-mesa-rj-compras-rio-de-janeiro","status":"publish","type":"post","link":"https:\/\/vagas.portalemprego.com.br\/?p=2180","title":{"rendered":"ANALISTA DE LICITA\u00c7\u00c3O E COMPRAS  S\u00caNIOR &#8211;  CBTM &#8211; CONFEREDA\u00c7\u00c3O BRASILEIRA DE T\u00caNIS DE MESA \/ RJ &#8211; Compras &#8211; Rio de Janeiro"},"content":{"rendered":"<p>Perfil:<br \/>\nSuperior Completo em Administra\u00e7\u00e3o, Log\u00edstica, Engenharia (ou an\u00e1logo);<br \/>\nDesej\u00e1vel Excel Avan\u00e7ado<br \/>\nIngl\u00eas intermedi\u00e1rio.<br \/>\nConhecimento em legisla\u00e7\u00e3o de compras p\u00fablicas e\/ou do terceiro setor.<br \/>\nConhecimento em plataformas de controle patrimonial.<br \/>\nAtividades:<br \/>\nPlanejar e executar processos de compras e contrata\u00e7\u00f5es conforme demanda das \u00e1reas da CBTM.<br \/>\nRealizar cota\u00e7\u00f5es, negocia\u00e7\u00f5es e emiss\u00e3o de pedidos de compras.<br \/>\nGerenciar diretamente prazos de entrega, confer\u00eancia de produtos e servi\u00e7os.<br \/>\nElaborar e revisar contratos, acompanhando sua vig\u00eancia e condi\u00e7\u00f5es.<br \/>\nManter controle atualizado do patrim\u00f4nio da entidade, incluindo invent\u00e1rio f\u00edsico.<br \/>\nProduzir relat\u00f3rios peri\u00f3dicos de compras, contratos e patrim\u00f4nio.<br \/>\nSer ponto focal da \u00e1rea junto \u00e0s demais ger\u00eancias e fornecedores.<br \/>\nLicitar, conforme precifica\u00e7\u00e3o e diretrizes legais e normativas.<br \/>\nApoiar auditorias internas e externas, fornecendo dados e documentos da \u00e1rea.<br \/>\nLiderar tecnicamente a equipe, orientando e distribuindo tarefas.<br \/>\nSugerir melhorias nos processos, com foco em efici\u00eancia, economia e conformidade.<br \/>\nSal\u00e1rio: R$ 5.174,46<br \/>\nBenef\u00edcios: Vale Transporte + Vale-refei\u00e7\u00e3o + Plano de Sa\u00fade + Plano Odontol\u00f3gico<br \/>\nHor\u00e1rio: De segunda a sexta-feira das 09h \u00e0s 18h.<br \/>\nLocal: Botafogo &#8211; Rio de Janeiro<br \/>\nModalidade: Presencial.<\/p>\n<ul>\n<li>Local de trabalho: Rio de Janeiro, RJ<\/li>\n<li>Regime de contrata\u00e7\u00e3o de tipo: Efetivo \u2013 CLT<\/li>\n<li>Jornada: Per\u00edodo Integral<\/li>\n<li>\u00c1rea e especializa\u00e7\u00e3o profissional: Compras &#8211; Compras<\/li>\n<li>N\u00edvel hier\u00e1rquico: Analista<\/li>\n<\/ul>\n<p>Escolaridade M\u00ednima: Ensino Superior<\/p>\n","protected":false},"excerpt":{"rendered":"<p>Perfil: Superior Completo em Administra\u00e7\u00e3o, Log\u00edstica, Engenharia (ou an\u00e1logo); Desej\u00e1vel Excel Avan\u00e7ado Ingl\u00eas intermedi\u00e1rio. Conhecimento em legisla\u00e7\u00e3o de compras p\u00fablicas e\/ou do terceiro setor. Conhecimento em plataformas de controle patrimonial. Atividades: Planejar e executar processos de compras e contrata\u00e7\u00f5es conforme demanda das \u00e1reas da CBTM. Realizar cota\u00e7\u00f5es, negocia\u00e7\u00f5es e emiss\u00e3o de pedidos de compras. Gerenciar [&hellip;]<\/p>\n","protected":false},"author":1,"featured_media":0,"comment_status":"open","ping_status":"open","sticky":false,"template":"","format":"standard","meta":{"footnotes":""},"categories":[21],"tags":[],"class_list":["post-2180","post","type-post","status-publish","format-standard","hentry","category-rio-de-janeiro-rj"],"_links":{"self":[{"href":"https:\/\/vagas.portalemprego.com.br\/index.php?rest_route=\/wp\/v2\/posts\/2180","targetHints":{"allow":["GET"]}}],"collection":[{"href":"https:\/\/vagas.portalemprego.com.br\/index.php?rest_route=\/wp\/v2\/posts"}],"about":[{"href":"https:\/\/vagas.portalemprego.com.br\/index.php?rest_route=\/wp\/v2\/types\/post"}],"author":[{"embeddable":true,"href":"https:\/\/vagas.portalemprego.com.br\/index.php?rest_route=\/wp\/v2\/users\/1"}],"replies":[{"embeddable":true,"href":"https:\/\/vagas.portalemprego.com.br\/index.php?rest_route=%2Fwp%2Fv2%2Fcomments&post=2180"}],"version-history":[{"count":0,"href":"https:\/\/vagas.portalemprego.com.br\/index.php?rest_route=\/wp\/v2\/posts\/2180\/revisions"}],"wp:attachment":[{"href":"https:\/\/vagas.portalemprego.com.br\/index.php?rest_route=%2Fwp%2Fv2%2Fmedia&parent=2180"}],"wp:term":[{"taxonomy":"category","embeddable":true,"href":"https:\/\/vagas.portalemprego.com.br\/index.php?rest_route=%2Fwp%2Fv2%2Fcategories&post=2180"},{"taxonomy":"post_tag","embeddable":true,"href":"https:\/\/vagas.portalemprego.com.br\/index.php?rest_route=%2Fwp%2Fv2%2Ftags&post=2180"}],"curies":[{"name":"wp","href":"https:\/\/api.w.org\/{rel}","templated":true}]}}