{"id":2181,"date":"2026-04-29T06:26:26","date_gmt":"2026-04-29T09:26:26","guid":{"rendered":"https:\/\/vagas.portalemprego.com.br\/?p=2181"},"modified":"2026-04-29T06:26:26","modified_gmt":"2026-04-29T09:26:26","slug":"recreadora-pcd-recreio-rj-cultura-lazer-entretenimento-rio-de-janeiro","status":"publish","type":"post","link":"https:\/\/vagas.portalemprego.com.br\/?p=2181","title":{"rendered":"Recreadora PcD &#8211; Recreio &#8211; RJ &#8211; Cultura, Lazer, Entretenimento &#8211; Rio de Janeiro"},"content":{"rendered":"<p>Responsabilidades da vaga<br \/>\nPromover atividades recreativas diversificadas, visando ao entretenimento, \u00e0 integra\u00e7\u00e3o social e ao desenvolvimento dos clientes;<br \/>\nGarantir a seguran\u00e7a de todas as crian\u00e7as frequentadoras do espa\u00e7o, assegurando a confian\u00e7a e tranquilidade dos respons\u00e1veis e o bom ambiente no setor;<br \/>\nElaborar e executar atividades recreativas, promovendo atividades l\u00fadicas, estimulantes \u00e0 participa\u00e7\u00e3o de todas as crian\u00e7as durante sua perman\u00eancia no espa\u00e7o;<br \/>\nAdministrar equipamentos e materiais utilizados para recrea\u00e7\u00e3o;<br \/>\nSupervisionar a entrada e sa\u00edda das crian\u00e7as, garantindo que apenas o respons\u00e1vel devidamente identificado poder\u00e1 retir\u00e1-los do espa\u00e7o;<br \/>\nSeguir e executar os procedimentos de funcionamento para utiliza\u00e7\u00e3o da sala conforme descrito no regulamento pelos alunos e respons\u00e1veis.<br \/>\nRequisitos necess\u00e1rios<br \/>\nEnsino m\u00e9dio completo;<br \/>\nGostar de lidar com crian\u00e7as.<br \/>\nBenef\u00edcios<br \/>\nVT;<br \/>\nVA ou VR;<br \/>\nLivre acesso a unidade Bodytech de origem;<br \/>\nAcesso ao aplicativo BTFIT;<br \/>\nAcesso a plataforma exclusiva para colaboradores, BT College, onde disponibilizamos treinamentos e palestras em diversas \u00e1reas;<br \/>\nPrograma de apoio psicol\u00f3gico;<br \/>\nParcerias com institui\u00e7\u00f5es de ensino para novos cursos, dentre outras parcerias;<br \/>\nConv\u00eanio com o SESC.<br \/>\nHor\u00e1rio<br \/>\nSegunda a sexta &#8211; 7h \u00e0s 15h<br \/>\nS\u00e1bado\/domingo &#8211; a definir<br \/>\nEscala 6&#215;1<br \/>\nLocal<br \/>\nBodytech Recreio<br \/>\n\u00a0Av. Salvador Allende, 6700 &#8211; loja 125-131 &#8211; Recreio dos Bandeirantes<br \/>\nRio de Janeiro, RJ<\/p>\n<ul>\n<li>Local de trabalho: Rio de Janeiro, RJ<\/li>\n<li>Regime de contrata\u00e7\u00e3o de tipo: Efetivo \u2013 CLT<\/li>\n<li>Jornada: Per\u00edodo Integral<\/li>\n<li>\u00c1rea e especializa\u00e7\u00e3o profissional: Cultura, Lazer, Entretenimento &#8211; Anima\u00e7\u00e3o \/ Recrea\u00e7\u00e3o Cultural<\/li>\n<li>N\u00edvel hier\u00e1rquico: Especialista<\/li>\n<\/ul>\n<p>Escolaridade M\u00ednima: Ensino M\u00e9dio (2\u00ba Grau)<\/p>\n","protected":false},"excerpt":{"rendered":"<p>Responsabilidades da vaga Promover atividades recreativas diversificadas, visando ao entretenimento, \u00e0 integra\u00e7\u00e3o social e ao desenvolvimento dos clientes; Garantir a seguran\u00e7a de todas as crian\u00e7as frequentadoras do espa\u00e7o, assegurando a confian\u00e7a e tranquilidade dos respons\u00e1veis e o bom ambiente no setor; Elaborar e executar atividades recreativas, promovendo atividades l\u00fadicas, estimulantes \u00e0 participa\u00e7\u00e3o de todas as [&hellip;]<\/p>\n","protected":false},"author":1,"featured_media":0,"comment_status":"open","ping_status":"open","sticky":false,"template":"","format":"standard","meta":{"footnotes":""},"categories":[21],"tags":[],"class_list":["post-2181","post","type-post","status-publish","format-standard","hentry","category-rio-de-janeiro-rj"],"_links":{"self":[{"href":"https:\/\/vagas.portalemprego.com.br\/index.php?rest_route=\/wp\/v2\/posts\/2181","targetHints":{"allow":["GET"]}}],"collection":[{"href":"https:\/\/vagas.portalemprego.com.br\/index.php?rest_route=\/wp\/v2\/posts"}],"about":[{"href":"https:\/\/vagas.portalemprego.com.br\/index.php?rest_route=\/wp\/v2\/types\/post"}],"author":[{"embeddable":true,"href":"https:\/\/vagas.portalemprego.com.br\/index.php?rest_route=\/wp\/v2\/users\/1"}],"replies":[{"embeddable":true,"href":"https:\/\/vagas.portalemprego.com.br\/index.php?rest_route=%2Fwp%2Fv2%2Fcomments&post=2181"}],"version-history":[{"count":0,"href":"https:\/\/vagas.portalemprego.com.br\/index.php?rest_route=\/wp\/v2\/posts\/2181\/revisions"}],"wp:attachment":[{"href":"https:\/\/vagas.portalemprego.com.br\/index.php?rest_route=%2Fwp%2Fv2%2Fmedia&parent=2181"}],"wp:term":[{"taxonomy":"category","embeddable":true,"href":"https:\/\/vagas.portalemprego.com.br\/index.php?rest_route=%2Fwp%2Fv2%2Fcategories&post=2181"},{"taxonomy":"post_tag","embeddable":true,"href":"https:\/\/vagas.portalemprego.com.br\/index.php?rest_route=%2Fwp%2Fv2%2Ftags&post=2181"}],"curies":[{"name":"wp","href":"https:\/\/api.w.org\/{rel}","templated":true}]}}