{"id":2182,"date":"2026-04-29T06:26:26","date_gmt":"2026-04-29T09:26:26","guid":{"rendered":"https:\/\/vagas.portalemprego.com.br\/?p=2182"},"modified":"2026-04-29T06:26:26","modified_gmt":"2026-04-29T09:26:26","slug":"auxiliar-de-restaurante-alimentacao-gastronomia-rio-de-janeiro","status":"publish","type":"post","link":"https:\/\/vagas.portalemprego.com.br\/?p=2182","title":{"rendered":"Auxiliar de Restaurante &#8211; Alimenta\u00e7\u00e3o \/ Gastronomia &#8211; Rio de Janeiro"},"content":{"rendered":"<p>Vaga: Auxiliar de Restaurante RIO DE JANEIRO*<\/p>\n<p>Entre em contato com o n\u00famero 11 5200-0651 (M. CLARA CAMPOS)<\/p>\n<p>Informa\u00e7\u00f5es da Vaga:<br \/>\n?? Local: Shopping Leblon- Restaurante Viena<\/p>\n<p>?? Sal\u00e1rio: R$ 1.717,20<\/p>\n<p>?? Benef\u00edcios:<br \/>\nVale Alimenta\u00e7\u00e3o: R$ 151,91<br \/>\nVale Transporte<br \/>\nRefei\u00e7\u00e3o no local<\/p>\n<p>?? Hor\u00e1rio de Trabalho: Das 15:00 \u00e0s 23:20\/ das 08:00 \u00e0s 16:20<br \/>\n?? Escala:<br \/>\n6&#215;1 (uma folga semanal e uma folga um domingo por m\u00eas)<\/p>\n<p>?? Atividades Principais:<\/p>\n<p>Apoiar nas atividades de preparo e montagem de pratos e lanches<br \/>\nAuxiliar na organiza\u00e7\u00e3o e higieniza\u00e7\u00e3o da cozinha e \u00e1rea de atendimento<br \/>\nReposi\u00e7\u00e3o de alimentos no buffet, quando necess\u00e1rio<br \/>\nSeguir as normas de seguran\u00e7a alimentar e boas pr\u00e1ticas de manipula\u00e7\u00e3o<\/p>\n<p>?? Requisitos:<\/p>\n<p>Disponibilidade para trabalhar em escala 6&#215;1.<\/p>\n<ul>\n<li>Local de trabalho: Rio de Janeiro, RJ<\/li>\n<li>Regime de contrata\u00e7\u00e3o de tipo: Efetivo \u2013 CLT<\/li>\n<li>Jornada: Per\u00edodo Integral<\/li>\n<li>\u00c1rea e especializa\u00e7\u00e3o profissional: Alimenta\u00e7\u00e3o \/ Gastronomia &#8211; Atendente \/ Recep\u00e7\u00e3o \/ Gar\u00e7om<\/li>\n<li>N\u00edvel hier\u00e1rquico: Auxiliar<\/li>\n<\/ul>\n<p>VALORIZADO<\/p>\n<p>Tempo de experi\u00eancia: Entre 1 e 3 anos<\/p>\n<p>Escolaridade M\u00ednima: Ensino M\u00e9dio (2\u00ba Grau)<\/p>\n<p>Sal\u00e1rio: 2000,0<\/p>\n","protected":false},"excerpt":{"rendered":"<p>Vaga: Auxiliar de Restaurante RIO DE JANEIRO* Entre em contato com o n\u00famero 11 5200-0651 (M. CLARA CAMPOS) Informa\u00e7\u00f5es da Vaga: ?? Local: Shopping Leblon- Restaurante Viena ?? Sal\u00e1rio: R$ 1.717,20 ?? Benef\u00edcios: Vale Alimenta\u00e7\u00e3o: R$ 151,91 Vale Transporte Refei\u00e7\u00e3o no local ?? Hor\u00e1rio de Trabalho: Das 15:00 \u00e0s 23:20\/ das 08:00 \u00e0s 16:20 ?? [&hellip;]<\/p>\n","protected":false},"author":1,"featured_media":0,"comment_status":"open","ping_status":"open","sticky":false,"template":"","format":"standard","meta":{"footnotes":""},"categories":[21],"tags":[],"class_list":["post-2182","post","type-post","status-publish","format-standard","hentry","category-rio-de-janeiro-rj"],"_links":{"self":[{"href":"https:\/\/vagas.portalemprego.com.br\/index.php?rest_route=\/wp\/v2\/posts\/2182","targetHints":{"allow":["GET"]}}],"collection":[{"href":"https:\/\/vagas.portalemprego.com.br\/index.php?rest_route=\/wp\/v2\/posts"}],"about":[{"href":"https:\/\/vagas.portalemprego.com.br\/index.php?rest_route=\/wp\/v2\/types\/post"}],"author":[{"embeddable":true,"href":"https:\/\/vagas.portalemprego.com.br\/index.php?rest_route=\/wp\/v2\/users\/1"}],"replies":[{"embeddable":true,"href":"https:\/\/vagas.portalemprego.com.br\/index.php?rest_route=%2Fwp%2Fv2%2Fcomments&post=2182"}],"version-history":[{"count":0,"href":"https:\/\/vagas.portalemprego.com.br\/index.php?rest_route=\/wp\/v2\/posts\/2182\/revisions"}],"wp:attachment":[{"href":"https:\/\/vagas.portalemprego.com.br\/index.php?rest_route=%2Fwp%2Fv2%2Fmedia&parent=2182"}],"wp:term":[{"taxonomy":"category","embeddable":true,"href":"https:\/\/vagas.portalemprego.com.br\/index.php?rest_route=%2Fwp%2Fv2%2Fcategories&post=2182"},{"taxonomy":"post_tag","embeddable":true,"href":"https:\/\/vagas.portalemprego.com.br\/index.php?rest_route=%2Fwp%2Fv2%2Ftags&post=2182"}],"curies":[{"name":"wp","href":"https:\/\/api.w.org\/{rel}","templated":true}]}}