{"id":2186,"date":"2026-04-29T06:26:26","date_gmt":"2026-04-29T09:26:26","guid":{"rendered":"https:\/\/vagas.portalemprego.com.br\/?p=2186"},"modified":"2026-04-29T06:26:26","modified_gmt":"2026-04-29T09:26:26","slug":"lider-de-operacoes-treinamento-logistica-rio-de-janeiro","status":"publish","type":"post","link":"https:\/\/vagas.portalemprego.com.br\/?p=2186","title":{"rendered":"L\u00edder de Opera\u00e7\u00f5es &#8211; Treinamento &#8211; Log\u00edstica &#8211; Rio de Janeiro"},"content":{"rendered":"<p>Voc\u00ea ser\u00e1 respons\u00e1vel por:<br \/>\nDesenvolver e revisar materiais de treinamento, garantindo que estejam atualizados e alinhados com as necessidades operacionais.<br \/>\nColaborar com a lideran\u00e7a de opera\u00e7\u00f5es para alcan\u00e7ar as metas de treinamentos cruzados e capacita\u00e7\u00f5es cont\u00ednuas na \u00e1rea.<br \/>\nAssegurar a qualidade dos processos operacionais e a conformidade com as melhores pr\u00e1ticas estabelecidas.<br \/>\nConduzir o processo de Onboarding, garantindo uma integra\u00e7\u00e3o eficaz e acolhedora dos novos colaboradores.<br \/>\nAplicar coaching e feedbacks constantes aos associados, com foco no atingimento das metas de produtividade e qualidade.<br \/>\nRealizar an\u00e1lises de causa raiz de barreiras operacionais, propondo solu\u00e7\u00f5es para otimiza\u00e7\u00e3o de processos.<br \/>\nDesenvolver e implementar projetos de melhoria cont\u00ednua, buscando sempre o aprimoramento da performance da equipe e da opera\u00e7\u00e3o.<br \/>\nRequisitos e qualifica\u00e7\u00f5es:<br \/>\nRequisitos:<br \/>\nEnsino Superior (completo ou cursando).<br \/>\nExcel (n\u00edvel intermedi\u00e1rio ou avan\u00e7ado).<br \/>\nComunica\u00e7\u00e3o clara, assertiva e habilidade para interagir com diferentes p\u00fablicos.<br \/>\nDisponibilidade de hor\u00e1rio<\/p>\n<p>Diferenciais:<br \/>\nExperi\u00eancia pr\u00e9via em Learning;<br \/>\nIngl\u00eas intermedi\u00e1rio.<\/p>\n<ul>\n<li>Local de trabalho: Rio de Janeiro, RJ<\/li>\n<li>Regime de contrata\u00e7\u00e3o de tipo: Efetivo \u2013 CLT<\/li>\n<li>Jornada: Per\u00edodo Integral<\/li>\n<li>\u00c1rea e especializa\u00e7\u00e3o profissional: Log\u00edstica &#8211; Log\u00edstica<\/li>\n<li>N\u00edvel hier\u00e1rquico: Encarregado<\/li>\n<\/ul>\n<p>VALORIZADO<\/p>\n<p>Tempo de experi\u00eancia: Entre 3 e 5 anos<\/p>\n<p>Escolaridade M\u00ednima: Ensino Superior<\/p>\n<p>Idiomas:<\/p>\n<ul>\n<li>Ingl\u00eas (Intermedi\u00e1rio)<\/li>\n<\/ul>\n<ul>\n<li>Total Pass<\/li>\n<li>Assist\u00eancia odontol\u00f3gica<\/li>\n<li>Assist\u00eancia m\u00e9dica<\/li>\n<li>Seguro de Vida<\/li>\n<li>VR<\/li>\n<li>VT<\/li>\n<li>VA<\/li>\n<li>Fretado<\/li>\n<\/ul>\n","protected":false},"excerpt":{"rendered":"<p>Voc\u00ea ser\u00e1 respons\u00e1vel por: Desenvolver e revisar materiais de treinamento, garantindo que estejam atualizados e alinhados com as necessidades operacionais. Colaborar com a lideran\u00e7a de opera\u00e7\u00f5es para alcan\u00e7ar as metas de treinamentos cruzados e capacita\u00e7\u00f5es cont\u00ednuas na \u00e1rea. Assegurar a qualidade dos processos operacionais e a conformidade com as melhores pr\u00e1ticas estabelecidas. Conduzir o processo [&hellip;]<\/p>\n","protected":false},"author":1,"featured_media":0,"comment_status":"open","ping_status":"open","sticky":false,"template":"","format":"standard","meta":{"footnotes":""},"categories":[21],"tags":[],"class_list":["post-2186","post","type-post","status-publish","format-standard","hentry","category-rio-de-janeiro-rj"],"_links":{"self":[{"href":"https:\/\/vagas.portalemprego.com.br\/index.php?rest_route=\/wp\/v2\/posts\/2186","targetHints":{"allow":["GET"]}}],"collection":[{"href":"https:\/\/vagas.portalemprego.com.br\/index.php?rest_route=\/wp\/v2\/posts"}],"about":[{"href":"https:\/\/vagas.portalemprego.com.br\/index.php?rest_route=\/wp\/v2\/types\/post"}],"author":[{"embeddable":true,"href":"https:\/\/vagas.portalemprego.com.br\/index.php?rest_route=\/wp\/v2\/users\/1"}],"replies":[{"embeddable":true,"href":"https:\/\/vagas.portalemprego.com.br\/index.php?rest_route=%2Fwp%2Fv2%2Fcomments&post=2186"}],"version-history":[{"count":0,"href":"https:\/\/vagas.portalemprego.com.br\/index.php?rest_route=\/wp\/v2\/posts\/2186\/revisions"}],"wp:attachment":[{"href":"https:\/\/vagas.portalemprego.com.br\/index.php?rest_route=%2Fwp%2Fv2%2Fmedia&parent=2186"}],"wp:term":[{"taxonomy":"category","embeddable":true,"href":"https:\/\/vagas.portalemprego.com.br\/index.php?rest_route=%2Fwp%2Fv2%2Fcategories&post=2186"},{"taxonomy":"post_tag","embeddable":true,"href":"https:\/\/vagas.portalemprego.com.br\/index.php?rest_route=%2Fwp%2Fv2%2Ftags&post=2186"}],"curies":[{"name":"wp","href":"https:\/\/api.w.org\/{rel}","templated":true}]}}