{"id":2187,"date":"2026-04-29T06:26:26","date_gmt":"2026-04-29T09:26:26","guid":{"rendered":"https:\/\/vagas.portalemprego.com.br\/?p=2187"},"modified":"2026-04-29T06:26:26","modified_gmt":"2026-04-29T09:26:26","slug":"coordenador-administrativo-e-comercial-comercial-vendas-rio-de-janeiro","status":"publish","type":"post","link":"https:\/\/vagas.portalemprego.com.br\/?p=2187","title":{"rendered":"Coordenador Administrativo e Comercial &#8211; Comercial, Vendas &#8211; Rio de Janeiro"},"content":{"rendered":"<p>Introdu\u00e7\u00e3o:Estamos em busca de um Coordenador Administrativo e Comercial para se juntar ao nosso time. Esta \u00e9 uma oportunidade para quem busca contribuir com um ambiente din\u00e2mico e colaborativo.<br \/>\nFun\u00e7\u00f5es:<br \/>\nGerenciar atividades administrativas e comerciais<br \/>\nCoordenar equipes e projetos<br \/>\nAcompanhar processos de vendas e p\u00f3s-venda<br \/>\nColaborar com a equipe de marketing<\/p>\n<p>Requisitos:<br \/>\nExperi\u00eancia em gest\u00e3o administrativa e comercial<br \/>\nConhecimento em processos de vendas<br \/>\nCapacidade de coordenar e liderar equipes<br \/>\nHabilidade em comunica\u00e7\u00e3o e negocia\u00e7\u00e3o<\/p>\n<p>Benef\u00edcios:<br \/>\nAmbiente de trabalho colaborativo<br \/>\nOportunidade de crescimento profissional<br \/>\nRemunera\u00e7\u00e3o competitiva<br \/>\nBenef\u00edcios adicionais conforme pol\u00edtica da empresa<\/p>\n<p>Esta \u00e9 uma oportunidade para quem busca um cargo presencial em um ambiente que valoriza o trabalho em equipe e a evolu\u00e7\u00e3o profissional.<\/p>\n<ul>\n<li>Local de trabalho: Rio de Janeiro, RJ<\/li>\n<li>Regime de contrata\u00e7\u00e3o de tipo: Efetivo \u2013 CLT<\/li>\n<li>Jornada: Per\u00edodo Integral<\/li>\n<li>\u00c1rea e especializa\u00e7\u00e3o profissional: Comercial, Vendas &#8211; Atendimento<\/li>\n<li>N\u00edvel hier\u00e1rquico: Coordenador<\/li>\n<\/ul>\n<p>Escolaridade M\u00ednima: Ensino Superior<\/p>\n<p>Forma\u00e7\u00e3o desejada:<\/p>\n<ul>\n<li>Engenharia ambiental, Ensino Superior<\/li>\n<li>Engenharia qu\u00edmica, Ensino Superior<\/li>\n<li>Biologia, Ensino Superior<\/li>\n<li>Bioqu\u00edmica, Ensino Superior<\/li>\n<li>Farm\u00e1cia, Curso T\u00e9cnico<\/li>\n<li>Farm\u00e1cia e Bioqu\u00edmica, Ensino Superior<\/li>\n<li>Qu\u00edmica, Ensino Superior<\/li>\n<\/ul>\n<ul>\n<li>Vale Alimenta\u00e7\u00e3o<\/li>\n<li>Plano Dental<\/li>\n<li>Comiss\u00e3o<\/li>\n<li>Seguro de Vida<\/li>\n<li>14\u00aa Sal\u00e1rio<\/li>\n<\/ul>\n<p>Sal\u00e1rio: 3500,0<\/p>\n","protected":false},"excerpt":{"rendered":"<p>Introdu\u00e7\u00e3o:Estamos em busca de um Coordenador Administrativo e Comercial para se juntar ao nosso time. Esta \u00e9 uma oportunidade para quem busca contribuir com um ambiente din\u00e2mico e colaborativo. Fun\u00e7\u00f5es: Gerenciar atividades administrativas e comerciais Coordenar equipes e projetos Acompanhar processos de vendas e p\u00f3s-venda Colaborar com a equipe de marketing Requisitos: Experi\u00eancia em gest\u00e3o [&hellip;]<\/p>\n","protected":false},"author":1,"featured_media":0,"comment_status":"open","ping_status":"open","sticky":false,"template":"","format":"standard","meta":{"footnotes":""},"categories":[21],"tags":[],"class_list":["post-2187","post","type-post","status-publish","format-standard","hentry","category-rio-de-janeiro-rj"],"_links":{"self":[{"href":"https:\/\/vagas.portalemprego.com.br\/index.php?rest_route=\/wp\/v2\/posts\/2187","targetHints":{"allow":["GET"]}}],"collection":[{"href":"https:\/\/vagas.portalemprego.com.br\/index.php?rest_route=\/wp\/v2\/posts"}],"about":[{"href":"https:\/\/vagas.portalemprego.com.br\/index.php?rest_route=\/wp\/v2\/types\/post"}],"author":[{"embeddable":true,"href":"https:\/\/vagas.portalemprego.com.br\/index.php?rest_route=\/wp\/v2\/users\/1"}],"replies":[{"embeddable":true,"href":"https:\/\/vagas.portalemprego.com.br\/index.php?rest_route=%2Fwp%2Fv2%2Fcomments&post=2187"}],"version-history":[{"count":0,"href":"https:\/\/vagas.portalemprego.com.br\/index.php?rest_route=\/wp\/v2\/posts\/2187\/revisions"}],"wp:attachment":[{"href":"https:\/\/vagas.portalemprego.com.br\/index.php?rest_route=%2Fwp%2Fv2%2Fmedia&parent=2187"}],"wp:term":[{"taxonomy":"category","embeddable":true,"href":"https:\/\/vagas.portalemprego.com.br\/index.php?rest_route=%2Fwp%2Fv2%2Fcategories&post=2187"},{"taxonomy":"post_tag","embeddable":true,"href":"https:\/\/vagas.portalemprego.com.br\/index.php?rest_route=%2Fwp%2Fv2%2Ftags&post=2187"}],"curies":[{"name":"wp","href":"https:\/\/api.w.org\/{rel}","templated":true}]}}