{"id":2188,"date":"2026-04-29T06:26:26","date_gmt":"2026-04-29T09:26:26","guid":{"rendered":"https:\/\/vagas.portalemprego.com.br\/?p=2188"},"modified":"2026-04-29T06:26:26","modified_gmt":"2026-04-29T09:26:26","slug":"auxiliar-administrativo-pcd-administracao-rio-de-janeiro","status":"publish","type":"post","link":"https:\/\/vagas.portalemprego.com.br\/?p=2188","title":{"rendered":"Auxiliar administrativo &#8211; PCD &#8211; Administra\u00e7\u00e3o &#8211; Rio de Janeiro"},"content":{"rendered":"<p>?? Vaga: Auxiliar Administrativo (PCD)<br \/>\nLocal de trabalho: Guaratiba \/ Vargem Grande \u2013 RJ<br \/>\n Tipo de contrata\u00e7\u00e3o: CLT<br \/>\n Hor\u00e1rio:<br \/>\nSegunda a quinta: 08h \u00e0s 18h<br \/>\nSexta-feira: 08h \u00e0s 17h<br \/>\n?? Sobre a vaga<br \/>\nEstamos em busca de um(a) Auxiliar Administrativo PCD para integrar nossa equipe. Procuramos um profissional organizado, proativo e com vontade de aprender, que contribua com o bom andamento das rotinas administrativas.<br \/>\n? Principais atividades<br \/>\nApoio nas rotinas administrativas<br \/>\nOrganiza\u00e7\u00e3o e arquivamento de documentos<br \/>\nLan\u00e7amento de dados em sistemas e planilhas<br \/>\nAtendimento telef\u00f4nico e suporte interno<br \/>\nControle de e-mails e correspond\u00eancias<br \/>\nSuporte \u00e0s demandas do escrit\u00f3rio<br \/>\n?? Requisitos<br \/>\nEnsino m\u00e9dio completo<br \/>\nConhecimento b\u00e1sico em inform\u00e1tica (Pacote Office)<br \/>\nBoa comunica\u00e7\u00e3o e organiza\u00e7\u00e3o<br \/>\nVaga exclusiva para Pessoas com Defici\u00eancia (PCD)<br \/>\n?? Oferecemos<br \/>\nSal\u00e1rio: R$ 1.800,00<br \/>\nAlimenta\u00e7\u00e3o no local<br \/>\nVale Transporte<br \/>\nBenef\u00edcios SESC<br \/>\nAmbiente inclusivo e acolhedor<br \/>\n?? Diferenciais<br \/>\nExperi\u00eancia na \u00e1rea administrativa<br \/>\nFacilidade com sistemas<br \/>\n? Inclus\u00e3o<br \/>\nValorizamos a diversidade e incentivamos a candidatura de profissionais PCD. Nosso ambiente \u00e9 preparado para promover acessibilidade e respeito.<\/p>\n<ul>\n<li>Local de trabalho: Rio de Janeiro, RJ<\/li>\n<li>Regime de contrata\u00e7\u00e3o de tipo: Efetivo \u2013 CLT<\/li>\n<li>Jornada: Per\u00edodo Integral<\/li>\n<li>\u00c1rea e especializa\u00e7\u00e3o profissional: Administra\u00e7\u00e3o &#8211; Administra\u00e7\u00e3o Geral<\/li>\n<li>N\u00edvel hier\u00e1rquico: Auxiliar<\/li>\n<\/ul>\n<p>VALORIZADO<\/p>\n<p>Tempo de experi\u00eancia: Menos de 1 ano<\/p>\n<p>Escolaridade M\u00ednima: Ensino M\u00e9dio (2\u00ba Grau)<\/p>\n<p>Sal\u00e1rio: 1800,01<\/p>\n","protected":false},"excerpt":{"rendered":"<p>?? Vaga: Auxiliar Administrativo (PCD) Local de trabalho: Guaratiba \/ Vargem Grande \u2013 RJ Tipo de contrata\u00e7\u00e3o: CLT Hor\u00e1rio: Segunda a quinta: 08h \u00e0s 18h Sexta-feira: 08h \u00e0s 17h ?? Sobre a vaga Estamos em busca de um(a) Auxiliar Administrativo PCD para integrar nossa equipe. Procuramos um profissional organizado, proativo e com vontade de aprender, [&hellip;]<\/p>\n","protected":false},"author":1,"featured_media":0,"comment_status":"open","ping_status":"open","sticky":false,"template":"","format":"standard","meta":{"footnotes":""},"categories":[21],"tags":[],"class_list":["post-2188","post","type-post","status-publish","format-standard","hentry","category-rio-de-janeiro-rj"],"_links":{"self":[{"href":"https:\/\/vagas.portalemprego.com.br\/index.php?rest_route=\/wp\/v2\/posts\/2188","targetHints":{"allow":["GET"]}}],"collection":[{"href":"https:\/\/vagas.portalemprego.com.br\/index.php?rest_route=\/wp\/v2\/posts"}],"about":[{"href":"https:\/\/vagas.portalemprego.com.br\/index.php?rest_route=\/wp\/v2\/types\/post"}],"author":[{"embeddable":true,"href":"https:\/\/vagas.portalemprego.com.br\/index.php?rest_route=\/wp\/v2\/users\/1"}],"replies":[{"embeddable":true,"href":"https:\/\/vagas.portalemprego.com.br\/index.php?rest_route=%2Fwp%2Fv2%2Fcomments&post=2188"}],"version-history":[{"count":0,"href":"https:\/\/vagas.portalemprego.com.br\/index.php?rest_route=\/wp\/v2\/posts\/2188\/revisions"}],"wp:attachment":[{"href":"https:\/\/vagas.portalemprego.com.br\/index.php?rest_route=%2Fwp%2Fv2%2Fmedia&parent=2188"}],"wp:term":[{"taxonomy":"category","embeddable":true,"href":"https:\/\/vagas.portalemprego.com.br\/index.php?rest_route=%2Fwp%2Fv2%2Fcategories&post=2188"},{"taxonomy":"post_tag","embeddable":true,"href":"https:\/\/vagas.portalemprego.com.br\/index.php?rest_route=%2Fwp%2Fv2%2Ftags&post=2188"}],"curies":[{"name":"wp","href":"https:\/\/api.w.org\/{rel}","templated":true}]}}