{"id":2189,"date":"2026-04-29T06:26:26","date_gmt":"2026-04-29T09:26:26","guid":{"rendered":"https:\/\/vagas.portalemprego.com.br\/?p=2189"},"modified":"2026-04-29T06:26:26","modified_gmt":"2026-04-29T09:26:26","slug":"auxiliar-de-manutencao-pcm-construcao-manutencao-rio-de-janeiro","status":"publish","type":"post","link":"https:\/\/vagas.portalemprego.com.br\/?p=2189","title":{"rendered":"Auxiliar de Manuten\u00e7\u00e3o PCM &#8211; Constru\u00e7\u00e3o, Manuten\u00e7\u00e3o &#8211; Rio de Janeiro"},"content":{"rendered":"<p>Empresa do segmento industrial contrata: Auxiliar de Manuten\u00e7\u00e3o (PCM)<br \/>\nPr\u00e9 requisitos:<br \/>\nEnsino m\u00e9dio completo<br \/>\nExperi\u00eancia com atividades de Manuten\u00e7\u00e3o (planejamento, controle de manuten\u00e7\u00f5es, gerenciamento de calibra\u00e7\u00f5es e qualifica\u00e7\u00f5es)<br \/>\nDesej\u00e1vel conhecimento b\u00e1sico em PCM<br \/>\nAtividades:<br \/>\nAuxiliar nas atividades de PCM e MANUTEN\u00c7\u00c3O INDUSTRIAL:<br \/>\nGerar e dar baixa em ordens de servi\u00e7os corretivas;<br \/>\nAgendar, gerar e dar baixa em ordens de servi\u00e7os preventivas<br \/>\nControlar e dar baixas de faturas de concessionarias<br \/>\nAgendar e realizar acompanhamento a terceiros e baixas nas calibra\u00e7\u00f5es de instrumentos, calibra\u00e7\u00f5es de Balan\u00e7as e massas padr\u00e3o e calibra\u00e7\u00f5es de vidrarias do CQFQ.<br \/>\nControlar os cadastros de vidrarias do P&amp;D<br \/>\nAgendar e realizar acompanhamento a terceiros e baixas nas certifica\u00e7\u00f5es de \u00e1rea e fluxo laminar<br \/>\nControlar a requisi\u00e7\u00e3o e estoque de Arg\u00f4nio e Nitrog\u00eanio<br \/>\nControlar a manuten\u00e7\u00e3o anual de extintores e mangueiras de combate a inc\u00eandio<br \/>\nControlar a entrada e sa\u00edda de materiais e pe\u00e7as de estoque estrat\u00e9gico de manuten\u00e7\u00e3o<br \/>\nControlar o mapa global de equipamentos (TAG)<br \/>\nInput de dados de HH. para de KPI \u2013 ordens de servi\u00e7os gerais, parada de m\u00e1quina, ordem corretivas gerais.<br \/>\nAuxiliar os profissionais de manuten\u00e7\u00e3o na execu\u00e7\u00e3o de suas tarefas quando necess\u00e1rio<\/p>\n<ul>\n<li>Local de trabalho: Rio de Janeiro, RJ<\/li>\n<li>Regime de contrata\u00e7\u00e3o de tipo: Tempor\u00e1rio<\/li>\n<li>Jornada: Per\u00edodo Integral<\/li>\n<li>\u00c1rea e especializa\u00e7\u00e3o profissional: Constru\u00e7\u00e3o, Manuten\u00e7\u00e3o &#8211; Manuten\u00e7\u00e3o em Geral<\/li>\n<li>N\u00edvel hier\u00e1rquico: Auxiliar<\/li>\n<\/ul>\n<p>Escolaridade M\u00ednima: Ensino M\u00e9dio (2\u00ba Grau)<\/p>\n<ul>\n<li>Vale-transporte<\/li>\n<li>Refei\u00e7\u00e3o no local<\/li>\n<li>Seguro de Vida<\/li>\n<\/ul>\n<p>Sal\u00e1rio: 1900,0<\/p>\n","protected":false},"excerpt":{"rendered":"<p>Empresa do segmento industrial contrata: Auxiliar de Manuten\u00e7\u00e3o (PCM) Pr\u00e9 requisitos: Ensino m\u00e9dio completo Experi\u00eancia com atividades de Manuten\u00e7\u00e3o (planejamento, controle de manuten\u00e7\u00f5es, gerenciamento de calibra\u00e7\u00f5es e qualifica\u00e7\u00f5es) Desej\u00e1vel conhecimento b\u00e1sico em PCM Atividades: Auxiliar nas atividades de PCM e MANUTEN\u00c7\u00c3O INDUSTRIAL: Gerar e dar baixa em ordens de servi\u00e7os corretivas; Agendar, gerar e dar [&hellip;]<\/p>\n","protected":false},"author":1,"featured_media":0,"comment_status":"open","ping_status":"open","sticky":false,"template":"","format":"standard","meta":{"footnotes":""},"categories":[21],"tags":[],"class_list":["post-2189","post","type-post","status-publish","format-standard","hentry","category-rio-de-janeiro-rj"],"_links":{"self":[{"href":"https:\/\/vagas.portalemprego.com.br\/index.php?rest_route=\/wp\/v2\/posts\/2189","targetHints":{"allow":["GET"]}}],"collection":[{"href":"https:\/\/vagas.portalemprego.com.br\/index.php?rest_route=\/wp\/v2\/posts"}],"about":[{"href":"https:\/\/vagas.portalemprego.com.br\/index.php?rest_route=\/wp\/v2\/types\/post"}],"author":[{"embeddable":true,"href":"https:\/\/vagas.portalemprego.com.br\/index.php?rest_route=\/wp\/v2\/users\/1"}],"replies":[{"embeddable":true,"href":"https:\/\/vagas.portalemprego.com.br\/index.php?rest_route=%2Fwp%2Fv2%2Fcomments&post=2189"}],"version-history":[{"count":0,"href":"https:\/\/vagas.portalemprego.com.br\/index.php?rest_route=\/wp\/v2\/posts\/2189\/revisions"}],"wp:attachment":[{"href":"https:\/\/vagas.portalemprego.com.br\/index.php?rest_route=%2Fwp%2Fv2%2Fmedia&parent=2189"}],"wp:term":[{"taxonomy":"category","embeddable":true,"href":"https:\/\/vagas.portalemprego.com.br\/index.php?rest_route=%2Fwp%2Fv2%2Fcategories&post=2189"},{"taxonomy":"post_tag","embeddable":true,"href":"https:\/\/vagas.portalemprego.com.br\/index.php?rest_route=%2Fwp%2Fv2%2Ftags&post=2189"}],"curies":[{"name":"wp","href":"https:\/\/api.w.org\/{rel}","templated":true}]}}