{"id":2190,"date":"2026-04-29T06:26:26","date_gmt":"2026-04-29T09:26:26","guid":{"rendered":"https:\/\/vagas.portalemprego.com.br\/?p=2190"},"modified":"2026-04-29T06:26:26","modified_gmt":"2026-04-29T09:26:26","slug":"mecanico-de-refrigeracao-construcao-manutencao-rio-de-janeiro-9","status":"publish","type":"post","link":"https:\/\/vagas.portalemprego.com.br\/?p=2190","title":{"rendered":"Mec\u00e2nico de Refrigera\u00e7\u00e3o &#8211; Constru\u00e7\u00e3o, Manuten\u00e7\u00e3o &#8211; Rio de Janeiro"},"content":{"rendered":"<p>Empresa do segmento industrial contrata: Mec\u00e2nico de Refrigera\u00e7\u00e3o<br \/>\nPr\u00e9 requisitos:<br \/>\nEnsino t\u00e9cnico completo em Refrigera\u00e7\u00e3o<br \/>\nExperi\u00eancia pr\u00e9via na \u00e1rea<br \/>\nDesej\u00e1vel conhecimento t\u00e9cnico em Mec\u00e2nica \/ Refrigera\u00e7\u00e3o \/ El\u00e9trica.<br \/>\nAtividades:<br \/>\nManuten\u00e7\u00e3o Preventiva e Corretiva: Realizar manuten\u00e7\u00e3o preventiva e corretiva em instala\u00e7\u00f5es e equipamentos de refrigera\u00e7\u00e3o, ventila\u00e7\u00e3o, calefa\u00e7\u00e3o e ar-condicionado.<br \/>\nTestes e Ajustes: Realizar testes, lubrifica\u00e7\u00e3o e regulagem nos sistemas de refrigera\u00e7\u00e3o e climatiza\u00e7\u00e3o para garantir o funcionamento adequado<br \/>\nManuten\u00e7\u00e3o e Monitoramento: Efetuar manuten\u00e7\u00f5es preventivas, corretivas e preditivas, al\u00e9m de realizar checklists do Sistema de HVAC, reportando anomalias encontradas e realizando reparos quando necess\u00e1rio.<\/p>\n<ul>\n<li>Local de trabalho: Rio de Janeiro, RJ<\/li>\n<li>Regime de contrata\u00e7\u00e3o de tipo: Tempor\u00e1rio<\/li>\n<li>Jornada: Per\u00edodo Integral<\/li>\n<li>\u00c1rea e especializa\u00e7\u00e3o profissional: Constru\u00e7\u00e3o, Manuten\u00e7\u00e3o &#8211; Instala\u00e7\u00f5es em Geral<\/li>\n<li>N\u00edvel hier\u00e1rquico: Assistente<\/li>\n<\/ul>\n<p>Escolaridade M\u00ednima: Curso T\u00e9cnico<\/p>\n<ul>\n<li>Vale-transporte<\/li>\n<li>Refei\u00e7\u00e3o no local<\/li>\n<li>Seguro de Vida<\/li>\n<\/ul>\n<p>Sal\u00e1rio: 2900,0<\/p>\n","protected":false},"excerpt":{"rendered":"<p>Empresa do segmento industrial contrata: Mec\u00e2nico de Refrigera\u00e7\u00e3o Pr\u00e9 requisitos: Ensino t\u00e9cnico completo em Refrigera\u00e7\u00e3o Experi\u00eancia pr\u00e9via na \u00e1rea Desej\u00e1vel conhecimento t\u00e9cnico em Mec\u00e2nica \/ Refrigera\u00e7\u00e3o \/ El\u00e9trica. Atividades: Manuten\u00e7\u00e3o Preventiva e Corretiva: Realizar manuten\u00e7\u00e3o preventiva e corretiva em instala\u00e7\u00f5es e equipamentos de refrigera\u00e7\u00e3o, ventila\u00e7\u00e3o, calefa\u00e7\u00e3o e ar-condicionado. Testes e Ajustes: Realizar testes, lubrifica\u00e7\u00e3o e [&hellip;]<\/p>\n","protected":false},"author":1,"featured_media":0,"comment_status":"open","ping_status":"open","sticky":false,"template":"","format":"standard","meta":{"footnotes":""},"categories":[21],"tags":[],"class_list":["post-2190","post","type-post","status-publish","format-standard","hentry","category-rio-de-janeiro-rj"],"_links":{"self":[{"href":"https:\/\/vagas.portalemprego.com.br\/index.php?rest_route=\/wp\/v2\/posts\/2190","targetHints":{"allow":["GET"]}}],"collection":[{"href":"https:\/\/vagas.portalemprego.com.br\/index.php?rest_route=\/wp\/v2\/posts"}],"about":[{"href":"https:\/\/vagas.portalemprego.com.br\/index.php?rest_route=\/wp\/v2\/types\/post"}],"author":[{"embeddable":true,"href":"https:\/\/vagas.portalemprego.com.br\/index.php?rest_route=\/wp\/v2\/users\/1"}],"replies":[{"embeddable":true,"href":"https:\/\/vagas.portalemprego.com.br\/index.php?rest_route=%2Fwp%2Fv2%2Fcomments&post=2190"}],"version-history":[{"count":0,"href":"https:\/\/vagas.portalemprego.com.br\/index.php?rest_route=\/wp\/v2\/posts\/2190\/revisions"}],"wp:attachment":[{"href":"https:\/\/vagas.portalemprego.com.br\/index.php?rest_route=%2Fwp%2Fv2%2Fmedia&parent=2190"}],"wp:term":[{"taxonomy":"category","embeddable":true,"href":"https:\/\/vagas.portalemprego.com.br\/index.php?rest_route=%2Fwp%2Fv2%2Fcategories&post=2190"},{"taxonomy":"post_tag","embeddable":true,"href":"https:\/\/vagas.portalemprego.com.br\/index.php?rest_route=%2Fwp%2Fv2%2Ftags&post=2190"}],"curies":[{"name":"wp","href":"https:\/\/api.w.org\/{rel}","templated":true}]}}