{"id":2194,"date":"2026-04-29T06:27:27","date_gmt":"2026-04-29T09:27:27","guid":{"rendered":"https:\/\/vagas.portalemprego.com.br\/?p=2194"},"modified":"2026-04-29T06:27:27","modified_gmt":"2026-04-29T09:27:27","slug":"agente-de-cobrancas-telemarketing-rio-de-janeiro","status":"publish","type":"post","link":"https:\/\/vagas.portalemprego.com.br\/?p=2194","title":{"rendered":"Agente de Cobran\u00e7as &#8211; Telemarketing &#8211; Rio de Janeiro"},"content":{"rendered":"<p>Agente de Cobran\u00e7a<br \/>\nEstamos em busca de um Agente de Cobran\u00e7as para se juntar ao nosso time. A posi\u00e7\u00e3o \u00e9 presencial e oferece uma chance de fazer parte de uma empresa reconhecida pela qualidade e inova\u00e7\u00e3o em pontes.<br \/>\nFun\u00e7\u00f5es:<br \/>\nGerenciar processos de cobran\u00e7a de forma efetiva<br \/>\nCoordenar atividades de recupera\u00e7\u00e3o de d\u00e9bitos<br \/>\nAcompanhar o andamento das negocia\u00e7\u00f5es com clientes<br \/>\nColaborar com equipes para garantir o cumprimento de prazos<br \/>\nRequisitos:<br \/>\nExperi\u00eancia em cobran\u00e7as e negocia\u00e7\u00f5es<br \/>\nConhecimento em legisla\u00e7\u00e3o tribut\u00e1ria<br \/>\nCapacidade de comunica\u00e7\u00e3o e negocia\u00e7\u00e3o<br \/>\nOrganiza\u00e7\u00e3o e aten\u00e7\u00e3o aos detalhes<br \/>\nSal\u00e1rio: fixo + comiss\u00e3o agressiva R$ 3.000,00 a R$ 4.600,00<br \/>\nBenef\u00edcios:<br \/>\nOferecemos um ambiente de trabalho colaborativo<br \/>\nVoc\u00ea ter\u00e1 acesso a treinamentos cont\u00ednuos<br \/>\nAmbiente de trabalho seguro e agrad\u00e1vel<br \/>\nInforma\u00e7\u00f5es sobre a oportunidade:<br \/>\nSal\u00e1rio fixo + comiss\u00e3o agressiva (sem teto de ganhos)<br \/>\nVale Transporte<br \/>\nGympass (ap\u00f3s 3 meses)<br \/>\nConv\u00eanio M\u00e9dico (ap\u00f3s 3 meses)<br \/>\nConv\u00eanio Odontol\u00f3gico (ap\u00f3s 3 meses)<br \/>\nParceria SESC<br \/>\nAl\u00e9m, temos ainda:<br \/>\nDHO (bem-estar)<br \/>\nPlano de Carreira (meritocracia)<br \/>\nCarro da empresa (quando gerente)<br \/>\nTelefone Corporativo<br \/>\nCONFIRME SUA CANDIDATURA PELO NUMERO (21) 96550-0705<br \/>\nAtenciosamente, time de Recrutamento e Sele\u00e7\u00e3o Dap.<\/p>\n<ul>\n<li>N\u00famero de vagas: 10<\/li>\n<li>Local de trabalho: Rio de Janeiro, RJ<\/li>\n<li>Regime de contrata\u00e7\u00e3o de tipo: Efetivo \u2013 CLT<\/li>\n<li>Jornada: Per\u00edodo Integral<\/li>\n<li>\u00c1rea e especializa\u00e7\u00e3o profissional: Telemarketing &#8211; Cobran\u00e7a<\/li>\n<li>N\u00edvel hier\u00e1rquico: Auxiliar<\/li>\n<\/ul>\n<p>VALORIZADO<\/p>\n<p>Tempo de experi\u00eancia: Menos de 1 ano<\/p>\n<p>HABILIDADES<\/p>\n<ul>\n<li>Capacidade de aconselhar<\/li>\n<li>Prospec\u00e7\u00e3o de clientes<\/li>\n<li>Fechamento de vendas<\/li>\n<li>Gest\u00e3o do ambiente de trabalho<\/li>\n<li>Cobran\u00e7as<\/li>\n<\/ul>\n<p>Escolaridade M\u00ednima: Ensino M\u00e9dio (2\u00ba Grau)<\/p>\n<p>Sal\u00e1rio: 4600,0<\/p>\n","protected":false},"excerpt":{"rendered":"<p>Agente de Cobran\u00e7a Estamos em busca de um Agente de Cobran\u00e7as para se juntar ao nosso time. A posi\u00e7\u00e3o \u00e9 presencial e oferece uma chance de fazer parte de uma empresa reconhecida pela qualidade e inova\u00e7\u00e3o em pontes. Fun\u00e7\u00f5es: Gerenciar processos de cobran\u00e7a de forma efetiva Coordenar atividades de recupera\u00e7\u00e3o de d\u00e9bitos Acompanhar o andamento [&hellip;]<\/p>\n","protected":false},"author":1,"featured_media":0,"comment_status":"open","ping_status":"open","sticky":false,"template":"","format":"standard","meta":{"footnotes":""},"categories":[21],"tags":[],"class_list":["post-2194","post","type-post","status-publish","format-standard","hentry","category-rio-de-janeiro-rj"],"_links":{"self":[{"href":"https:\/\/vagas.portalemprego.com.br\/index.php?rest_route=\/wp\/v2\/posts\/2194","targetHints":{"allow":["GET"]}}],"collection":[{"href":"https:\/\/vagas.portalemprego.com.br\/index.php?rest_route=\/wp\/v2\/posts"}],"about":[{"href":"https:\/\/vagas.portalemprego.com.br\/index.php?rest_route=\/wp\/v2\/types\/post"}],"author":[{"embeddable":true,"href":"https:\/\/vagas.portalemprego.com.br\/index.php?rest_route=\/wp\/v2\/users\/1"}],"replies":[{"embeddable":true,"href":"https:\/\/vagas.portalemprego.com.br\/index.php?rest_route=%2Fwp%2Fv2%2Fcomments&post=2194"}],"version-history":[{"count":0,"href":"https:\/\/vagas.portalemprego.com.br\/index.php?rest_route=\/wp\/v2\/posts\/2194\/revisions"}],"wp:attachment":[{"href":"https:\/\/vagas.portalemprego.com.br\/index.php?rest_route=%2Fwp%2Fv2%2Fmedia&parent=2194"}],"wp:term":[{"taxonomy":"category","embeddable":true,"href":"https:\/\/vagas.portalemprego.com.br\/index.php?rest_route=%2Fwp%2Fv2%2Fcategories&post=2194"},{"taxonomy":"post_tag","embeddable":true,"href":"https:\/\/vagas.portalemprego.com.br\/index.php?rest_route=%2Fwp%2Fv2%2Ftags&post=2194"}],"curies":[{"name":"wp","href":"https:\/\/api.w.org\/{rel}","templated":true}]}}