{"id":2196,"date":"2026-04-29T06:27:27","date_gmt":"2026-04-29T09:27:27","guid":{"rendered":"https:\/\/vagas.portalemprego.com.br\/?p=2196"},"modified":"2026-04-29T06:27:27","modified_gmt":"2026-04-29T09:27:27","slug":"vendedor-a-comercial-rj-comercial-vendas-rio-de-janeiro","status":"publish","type":"post","link":"https:\/\/vagas.portalemprego.com.br\/?p=2196","title":{"rendered":"Vendedor (a) Comercial Rj &#8211; Comercial, Vendas &#8211; Rio de Janeiro"},"content":{"rendered":"<p>CONSULTOR (A) DE VENDAS<br \/>\nLocal de Trabalho<br \/>\nAvenida das Am\u00e9ricas 3443, Bloco 4A &#8211; Barra da Tijuca \u2013 RJ<br \/>\nModelo: Presencial | Regime CLT<br \/>\nSobre a oportunidade<br \/>\nBuscamos profissionais com perfil comercial, comunicativo e focado em resultados para atuar na venda de servi\u00e7os jur\u00eddicos e financeiros, com alto potencial de ganhos.<br \/>\nAtividades<br \/>\nAtuar com vendas dos servi\u00e7os da empresa.<br \/>\nGerir carteira de clientes e identificar novas oportunidades de neg\u00f3cio<br \/>\nRealizar atendimento e negocia\u00e7\u00e3o com clientes<br \/>\nElaborar propostas comerciais<br \/>\nAcompanhar e gerenciar todo o processo de vendas<br \/>\nRemunera\u00e7\u00e3o e Benef\u00edcios<br \/>\nSal\u00e1rio fixo + comiss\u00e3o R$ 3.800,00 a R$ 10.650,00<br \/>\nVale Transporte<br \/>\nGympass (ap\u00f3s 3 meses)<br \/>\nConv\u00eanio M\u00e9dico (ap\u00f3s 3 meses)<br \/>\nConv\u00eanio Odontol\u00f3gico (ap\u00f3s 3 meses)<br \/>\nParceria com SESC<br \/>\nPrograma de DHO (bem-estar e desenvolvimento)<br \/>\nPlano de Carreira estruturado (meritocracia)<br \/>\nCarro da empresa (para n\u00edvel gerencial)<br \/>\nEscala 5&#215;2 (segunda a sexta)<br \/>\nCONFIRME SUA CANDIDATURA PELO NUMERO (21) 98751-3719<br \/>\nAtenciosamente, time de Recrutamento e Sele\u00e7\u00e3o Dap.<\/p>\n<ul>\n<li>N\u00famero de vagas: 40<\/li>\n<li>Local de trabalho: Rio de Janeiro, RJ<\/li>\n<li>Regime de contrata\u00e7\u00e3o de tipo: Efetivo \u2013 CLT<\/li>\n<li>Jornada: Per\u00edodo Integral<\/li>\n<li>\u00c1rea e especializa\u00e7\u00e3o profissional: Comercial, Vendas &#8211; Venda Interna<\/li>\n<li>N\u00edvel hier\u00e1rquico: Consultor<\/li>\n<\/ul>\n<p>VALORIZADO<\/p>\n<p>Tempo de experi\u00eancia: Sem experi\u00eancia<\/p>\n<p>Escolaridade M\u00ednima: Ensino M\u00e9dio (2\u00ba Grau)<\/p>\n<p>Sal\u00e1rio: 10650,0<\/p>\n","protected":false},"excerpt":{"rendered":"<p>CONSULTOR (A) DE VENDAS Local de Trabalho Avenida das Am\u00e9ricas 3443, Bloco 4A &#8211; Barra da Tijuca \u2013 RJ Modelo: Presencial | Regime CLT Sobre a oportunidade Buscamos profissionais com perfil comercial, comunicativo e focado em resultados para atuar na venda de servi\u00e7os jur\u00eddicos e financeiros, com alto potencial de ganhos. Atividades Atuar com vendas [&hellip;]<\/p>\n","protected":false},"author":1,"featured_media":0,"comment_status":"open","ping_status":"open","sticky":false,"template":"","format":"standard","meta":{"footnotes":""},"categories":[21],"tags":[],"class_list":["post-2196","post","type-post","status-publish","format-standard","hentry","category-rio-de-janeiro-rj"],"_links":{"self":[{"href":"https:\/\/vagas.portalemprego.com.br\/index.php?rest_route=\/wp\/v2\/posts\/2196","targetHints":{"allow":["GET"]}}],"collection":[{"href":"https:\/\/vagas.portalemprego.com.br\/index.php?rest_route=\/wp\/v2\/posts"}],"about":[{"href":"https:\/\/vagas.portalemprego.com.br\/index.php?rest_route=\/wp\/v2\/types\/post"}],"author":[{"embeddable":true,"href":"https:\/\/vagas.portalemprego.com.br\/index.php?rest_route=\/wp\/v2\/users\/1"}],"replies":[{"embeddable":true,"href":"https:\/\/vagas.portalemprego.com.br\/index.php?rest_route=%2Fwp%2Fv2%2Fcomments&post=2196"}],"version-history":[{"count":0,"href":"https:\/\/vagas.portalemprego.com.br\/index.php?rest_route=\/wp\/v2\/posts\/2196\/revisions"}],"wp:attachment":[{"href":"https:\/\/vagas.portalemprego.com.br\/index.php?rest_route=%2Fwp%2Fv2%2Fmedia&parent=2196"}],"wp:term":[{"taxonomy":"category","embeddable":true,"href":"https:\/\/vagas.portalemprego.com.br\/index.php?rest_route=%2Fwp%2Fv2%2Fcategories&post=2196"},{"taxonomy":"post_tag","embeddable":true,"href":"https:\/\/vagas.portalemprego.com.br\/index.php?rest_route=%2Fwp%2Fv2%2Ftags&post=2196"}],"curies":[{"name":"wp","href":"https:\/\/api.w.org\/{rel}","templated":true}]}}