{"id":2197,"date":"2026-04-29T06:27:27","date_gmt":"2026-04-29T09:27:27","guid":{"rendered":"https:\/\/vagas.portalemprego.com.br\/?p=2197"},"modified":"2026-04-29T06:27:27","modified_gmt":"2026-04-29T09:27:27","slug":"lider-operacional-logistica-rio-de-janeiro","status":"publish","type":"post","link":"https:\/\/vagas.portalemprego.com.br\/?p=2197","title":{"rendered":"L\u00edder Operacional &#8211; Log\u00edstica &#8211; Rio de Janeiro"},"content":{"rendered":"<p>Analisar os volumes da opera\u00e7\u00e3o de acordo com equipe dispon\u00edvel e produtividade. \u2022 Efetuar passagem de turno, verificando a situa\u00e7\u00e3o f\u00edsica do setor, averiguando equipamentos a serem utilizados, tais como, paleteiras, seladora, impressora UBS, v\u00eddeo jet e etc&#8230; \u2022 Coordenar, avaliar e desenvolver a equipe sob sua responsabilidade. \u2022 Efetuar controle operacional e a produtividade acompanhando, orientando e direcionando hora\/hora, assegurando o cumprimento dos prazos e metas estabelecidas. \u2022 Assegurar que os procedimentos operacionais, HSE e gest\u00e3o de qualidade ser\u00e3o cumpridos pelos colaboradores da unidade. \u2022 Acompanhar o processo de avarias, emitindo e encaminhando relat\u00f3rios para a Gest\u00e3o. \u2022 Analisar os check list dos equipamentos e assegurar que as a\u00e7\u00f5es corretivas sejam tomadas de acordo com procedimentos definidos. \u2022 Disseminar a import\u00e2ncia de HSE para todos os colaboradores, atrav\u00e9s de reuni\u00f5es, informativos, palestras, com objetivo de que n\u00e3o haja acidentes nas opera\u00e7\u00f5es. \u2022 Realizar feedbaks constantes evidenciando os pontos fortes e as oportunidades com a equipe. \u2022 Realizar a organiza\u00e7\u00e3o do local de trabalho de acordo com as Boas Pr\u00e1ticas de Qualidade e 5S cumprindo as regras de HSE. \u2022 Realizar a organiza\u00e7\u00e3o do local de trabalho de acordo com as Boas Pr\u00e1ticas de Qualidade e 5S cumprindo as regras de HSE. \u2022 Cumprir o Sistema de Gest\u00e3o de Qualidade, Seguran\u00e7a e Meio ambiente da unidade, respeitando as boas pr\u00e1ticas operacionais, seguindo os pilares de qualidade e seguran\u00e7a ocupacional e seguran\u00e7a de alimentos\/produtos, atrav\u00e9s das normas e padr\u00f5es estipulados pelas pol\u00edticas, manuais e procedimentos operacionais da unidade. \u2022 Realizar as tarefas de acordo com os procedimentos e controles operacionais. \u2022 Conhecer os aspectos e impactos ambientais significativos e perigos e riscos n\u00e3o aceit\u00e1veis da sua \u00e1rea.<\/p>\n<ul>\n<li>Local de trabalho: Rio de Janeiro, RJ<\/li>\n<li>Regime de contrata\u00e7\u00e3o de tipo: Efetivo \u2013 CLT<\/li>\n<li>Jornada: Per\u00edodo Integral<\/li>\n<li>\u00c1rea e especializa\u00e7\u00e3o profissional: Log\u00edstica &#8211; Log\u00edstica<\/li>\n<li>N\u00edvel hier\u00e1rquico: Encarregado<\/li>\n<\/ul>\n<p>HABILIDADES<\/p>\n<ul>\n<li>Gerenciamento de equipe<\/li>\n<li>Supervis\u00e3o de funcion\u00e1rios<\/li>\n<li>Capacidade de coordena\u00e7\u00e3o<\/li>\n<li>Capacidade de an\u00e1lise<\/li>\n<li>Opera\u00e7\u00f5es<\/li>\n<li>Microsoft excel<\/li>\n<\/ul>\n<p>Escolaridade M\u00ednima: Ensino Superior<\/p>\n<ul>\n<li>VALE REFEI\u00c7\u00c3O<\/li>\n<li>Assist\u00eancia M\u00e9dica &#8211; HAPVIDA<\/li>\n<li>SESC<\/li>\n<li>TOTAL PASS<\/li>\n<li>AUSTER<\/li>\n<li>VALE ALIMENTA\u00c7\u00c3O<\/li>\n<li>Assist\u00eancia Odontol\u00f3gica &#8211; METLIFE<\/li>\n<\/ul>\n","protected":false},"excerpt":{"rendered":"<p>Analisar os volumes da opera\u00e7\u00e3o de acordo com equipe dispon\u00edvel e produtividade. \u2022 Efetuar passagem de turno, verificando a situa\u00e7\u00e3o f\u00edsica do setor, averiguando equipamentos a serem utilizados, tais como, paleteiras, seladora, impressora UBS, v\u00eddeo jet e etc&#8230; \u2022 Coordenar, avaliar e desenvolver a equipe sob sua responsabilidade. \u2022 Efetuar controle operacional e a produtividade [&hellip;]<\/p>\n","protected":false},"author":1,"featured_media":0,"comment_status":"open","ping_status":"open","sticky":false,"template":"","format":"standard","meta":{"footnotes":""},"categories":[21],"tags":[],"class_list":["post-2197","post","type-post","status-publish","format-standard","hentry","category-rio-de-janeiro-rj"],"_links":{"self":[{"href":"https:\/\/vagas.portalemprego.com.br\/index.php?rest_route=\/wp\/v2\/posts\/2197","targetHints":{"allow":["GET"]}}],"collection":[{"href":"https:\/\/vagas.portalemprego.com.br\/index.php?rest_route=\/wp\/v2\/posts"}],"about":[{"href":"https:\/\/vagas.portalemprego.com.br\/index.php?rest_route=\/wp\/v2\/types\/post"}],"author":[{"embeddable":true,"href":"https:\/\/vagas.portalemprego.com.br\/index.php?rest_route=\/wp\/v2\/users\/1"}],"replies":[{"embeddable":true,"href":"https:\/\/vagas.portalemprego.com.br\/index.php?rest_route=%2Fwp%2Fv2%2Fcomments&post=2197"}],"version-history":[{"count":0,"href":"https:\/\/vagas.portalemprego.com.br\/index.php?rest_route=\/wp\/v2\/posts\/2197\/revisions"}],"wp:attachment":[{"href":"https:\/\/vagas.portalemprego.com.br\/index.php?rest_route=%2Fwp%2Fv2%2Fmedia&parent=2197"}],"wp:term":[{"taxonomy":"category","embeddable":true,"href":"https:\/\/vagas.portalemprego.com.br\/index.php?rest_route=%2Fwp%2Fv2%2Fcategories&post=2197"},{"taxonomy":"post_tag","embeddable":true,"href":"https:\/\/vagas.portalemprego.com.br\/index.php?rest_route=%2Fwp%2Fv2%2Ftags&post=2197"}],"curies":[{"name":"wp","href":"https:\/\/api.w.org\/{rel}","templated":true}]}}