{"id":2198,"date":"2026-04-29T06:27:27","date_gmt":"2026-04-29T09:27:27","guid":{"rendered":"https:\/\/vagas.portalemprego.com.br\/?p=2198"},"modified":"2026-04-29T06:27:27","modified_gmt":"2026-04-29T09:27:27","slug":"atendente-de-restaurante-alimentacao-gastronomia-rio-de-janeiro","status":"publish","type":"post","link":"https:\/\/vagas.portalemprego.com.br\/?p=2198","title":{"rendered":"Atendente de Restaurante &#8211; Alimenta\u00e7\u00e3o \/ Gastronomia &#8211; Rio de Janeiro"},"content":{"rendered":"<p>Atendente de Restaurante<br \/>\nSal\u00e1rio: R$ 1.784,20 &#8211; Ap\u00f3s 03 meses de contrato aumenta pra 1.925,00<br \/>\nEscala: 6X1 &#8211; Disponibilidade de hor\u00e1rio<br \/>\nVale Transporte Modal ou BU (4,70 x 2 ou 8,55 x 2)<br \/>\nRefei\u00e7\u00e3o e Lanche no local de Trabalho.<br \/>\nAtividades: Apresentar o card\u00e1pio, anotar pedidos, levar \u00e0 cozinha, servir os pratos e bebidas, at\u00e9 auxiliar no pagamento e garantir a limpeza e organiza\u00e7\u00e3o do sal\u00e3o, sendo crucial a boa comunica\u00e7\u00e3o e trabalho em equipe para a satisfa\u00e7\u00e3o geral.<\/p>\n<ul>\n<li>Local de trabalho: Rio de Janeiro, RJ<\/li>\n<li>Regime de contrata\u00e7\u00e3o de tipo: Efetivo \u2013 CLT<\/li>\n<li>Jornada: Per\u00edodo Integral<\/li>\n<li>\u00c1rea e especializa\u00e7\u00e3o profissional: Alimenta\u00e7\u00e3o \/ Gastronomia &#8211; Atendente \/ Recep\u00e7\u00e3o \/ Gar\u00e7om<\/li>\n<li>N\u00edvel hier\u00e1rquico: Auxiliar<\/li>\n<\/ul>\n<p>Escolaridade M\u00ednima: Ensino M\u00e9dio (2\u00ba Grau)<\/p>\n<p>Sal\u00e1rio: 1931,6<\/p>\n","protected":false},"excerpt":{"rendered":"<p>Atendente de Restaurante Sal\u00e1rio: R$ 1.784,20 &#8211; Ap\u00f3s 03 meses de contrato aumenta pra 1.925,00 Escala: 6X1 &#8211; Disponibilidade de hor\u00e1rio Vale Transporte Modal ou BU (4,70 x 2 ou 8,55 x 2) Refei\u00e7\u00e3o e Lanche no local de Trabalho. Atividades: Apresentar o card\u00e1pio, anotar pedidos, levar \u00e0 cozinha, servir os pratos e bebidas, at\u00e9 [&hellip;]<\/p>\n","protected":false},"author":1,"featured_media":0,"comment_status":"open","ping_status":"open","sticky":false,"template":"","format":"standard","meta":{"footnotes":""},"categories":[21],"tags":[],"class_list":["post-2198","post","type-post","status-publish","format-standard","hentry","category-rio-de-janeiro-rj"],"_links":{"self":[{"href":"https:\/\/vagas.portalemprego.com.br\/index.php?rest_route=\/wp\/v2\/posts\/2198","targetHints":{"allow":["GET"]}}],"collection":[{"href":"https:\/\/vagas.portalemprego.com.br\/index.php?rest_route=\/wp\/v2\/posts"}],"about":[{"href":"https:\/\/vagas.portalemprego.com.br\/index.php?rest_route=\/wp\/v2\/types\/post"}],"author":[{"embeddable":true,"href":"https:\/\/vagas.portalemprego.com.br\/index.php?rest_route=\/wp\/v2\/users\/1"}],"replies":[{"embeddable":true,"href":"https:\/\/vagas.portalemprego.com.br\/index.php?rest_route=%2Fwp%2Fv2%2Fcomments&post=2198"}],"version-history":[{"count":0,"href":"https:\/\/vagas.portalemprego.com.br\/index.php?rest_route=\/wp\/v2\/posts\/2198\/revisions"}],"wp:attachment":[{"href":"https:\/\/vagas.portalemprego.com.br\/index.php?rest_route=%2Fwp%2Fv2%2Fmedia&parent=2198"}],"wp:term":[{"taxonomy":"category","embeddable":true,"href":"https:\/\/vagas.portalemprego.com.br\/index.php?rest_route=%2Fwp%2Fv2%2Fcategories&post=2198"},{"taxonomy":"post_tag","embeddable":true,"href":"https:\/\/vagas.portalemprego.com.br\/index.php?rest_route=%2Fwp%2Fv2%2Ftags&post=2198"}],"curies":[{"name":"wp","href":"https:\/\/api.w.org\/{rel}","templated":true}]}}