{"id":2200,"date":"2026-04-29T06:27:27","date_gmt":"2026-04-29T09:27:27","guid":{"rendered":"https:\/\/vagas.portalemprego.com.br\/?p=2200"},"modified":"2026-04-29T06:27:27","modified_gmt":"2026-04-29T09:27:27","slug":"coordenador-de-operacoes-logistica-volta-redonda","status":"publish","type":"post","link":"https:\/\/vagas.portalemprego.com.br\/?p=2200","title":{"rendered":"Coordenador de Opera\u00e7\u00f5es &#8211; Log\u00edstica &#8211; Volta Redonda"},"content":{"rendered":"<p>Coordenador de Opera\u00e7\u00f5es Log\u00edstica<br \/>\nResponsabilidades:<br \/>\n Coordena\u00e7\u00e3o e execu\u00e7\u00e3o de atividades operacionais, com as seguintes atribui\u00e7\u00f5es:<br \/>\nAcompanhar e organizar as atividades operacionais do dia a dia;<br \/>\nMonitorar indicadores de desempenho e resultados da equipe;<br \/>\nOrientar e desenvolver colaboradores e lideran\u00e7as;<br \/>\nAssegurar o cumprimento de normas, pol\u00edticas internas e boas pr\u00e1ticas;<br \/>\nGarantir a qualidade dos processos e do atendimento;<br \/>\nApoiar a gest\u00e3o de recursos e fornecedores, quando necess\u00e1rio;<br \/>\nContribuir para o alcance dos objetivos da \u00e1rea;<br \/>\nExecutar atividades correlatas conforme demanda.<br \/>\nRequisitos:<br \/>\nSuperior Completo em Log\u00edstica, Engenharia, Administra\u00e7\u00e3o ou afins;<br \/>\nDesej\u00e1vel P\u00f3s Gradu\u00e7\u00e3o;<br \/>\nM\u00ednimo com 2 anos de experi\u00eancia;<br \/>\nHabilita\u00e7\u00e3o: Categoria B ou Superior;<br \/>\nPacote Office: Intermedi\u00e1rio\/ Avan\u00e7ado;<br \/>\nDesej\u00e1vel conhecimento em ferramentas de gest\u00e3o.<\/p>\n<ul>\n<li>Local de trabalho: Volta Redonda, RJ<\/li>\n<li>Regime de contrata\u00e7\u00e3o de tipo: Efetivo \u2013 CLT<\/li>\n<li>Jornada: Per\u00edodo Integral<\/li>\n<li>\u00c1rea e especializa\u00e7\u00e3o profissional: Log\u00edstica &#8211; Log\u00edstica<\/li>\n<li>N\u00edvel hier\u00e1rquico: Supervisor<\/li>\n<\/ul>\n<p>VALORIZADO<\/p>\n<p>Tempo de experi\u00eancia: Entre 3 e 5 anos<\/p>\n<p>Escolaridade M\u00ednima: Ensino Superior<\/p>\n<p>Habilita\u00e7\u00e3o para dirigir: E, D, C, B<\/p>\n","protected":false},"excerpt":{"rendered":"<p>Coordenador de Opera\u00e7\u00f5es Log\u00edstica Responsabilidades: Coordena\u00e7\u00e3o e execu\u00e7\u00e3o de atividades operacionais, com as seguintes atribui\u00e7\u00f5es: Acompanhar e organizar as atividades operacionais do dia a dia; Monitorar indicadores de desempenho e resultados da equipe; Orientar e desenvolver colaboradores e lideran\u00e7as; Assegurar o cumprimento de normas, pol\u00edticas internas e boas pr\u00e1ticas; Garantir a qualidade dos processos e [&hellip;]<\/p>\n","protected":false},"author":1,"featured_media":0,"comment_status":"open","ping_status":"open","sticky":false,"template":"","format":"standard","meta":{"footnotes":""},"categories":[21],"tags":[],"class_list":["post-2200","post","type-post","status-publish","format-standard","hentry","category-rio-de-janeiro-rj"],"_links":{"self":[{"href":"https:\/\/vagas.portalemprego.com.br\/index.php?rest_route=\/wp\/v2\/posts\/2200","targetHints":{"allow":["GET"]}}],"collection":[{"href":"https:\/\/vagas.portalemprego.com.br\/index.php?rest_route=\/wp\/v2\/posts"}],"about":[{"href":"https:\/\/vagas.portalemprego.com.br\/index.php?rest_route=\/wp\/v2\/types\/post"}],"author":[{"embeddable":true,"href":"https:\/\/vagas.portalemprego.com.br\/index.php?rest_route=\/wp\/v2\/users\/1"}],"replies":[{"embeddable":true,"href":"https:\/\/vagas.portalemprego.com.br\/index.php?rest_route=%2Fwp%2Fv2%2Fcomments&post=2200"}],"version-history":[{"count":0,"href":"https:\/\/vagas.portalemprego.com.br\/index.php?rest_route=\/wp\/v2\/posts\/2200\/revisions"}],"wp:attachment":[{"href":"https:\/\/vagas.portalemprego.com.br\/index.php?rest_route=%2Fwp%2Fv2%2Fmedia&parent=2200"}],"wp:term":[{"taxonomy":"category","embeddable":true,"href":"https:\/\/vagas.portalemprego.com.br\/index.php?rest_route=%2Fwp%2Fv2%2Fcategories&post=2200"},{"taxonomy":"post_tag","embeddable":true,"href":"https:\/\/vagas.portalemprego.com.br\/index.php?rest_route=%2Fwp%2Fv2%2Ftags&post=2200"}],"curies":[{"name":"wp","href":"https:\/\/api.w.org\/{rel}","templated":true}]}}