{"id":2202,"date":"2026-04-29T06:27:27","date_gmt":"2026-04-29T09:27:27","guid":{"rendered":"https:\/\/vagas.portalemprego.com.br\/?p=2202"},"modified":"2026-04-29T06:27:27","modified_gmt":"2026-04-29T09:27:27","slug":"aprendiz-copacabana-administracao-rio-de-janeiro","status":"publish","type":"post","link":"https:\/\/vagas.portalemprego.com.br\/?p=2202","title":{"rendered":"Aprendiz &#8211; Copacabana &#8211; Administra\u00e7\u00e3o &#8211; Rio de Janeiro"},"content":{"rendered":"<p>Dr. Consulta \u00e9 uma empresa de aten\u00e7\u00e3o prim\u00e1ria \u2013 l\u00edder em SP.<\/p>\n<p>Estamos em busca de uma pessoa motivada, pronta para aprender e dar os primeiros passos na carreira, para fazer parte do nosso time em uma empresa que est\u00e1 em constante crescimento!<br \/>\nSe voc\u00ea se identifica com a miss\u00e3o de criar e manter um ambiente seguro, saud\u00e1vel, focado no desenvolvimento pessoal e acolhedor para todos, essa oportunidade \u00e9 para voc\u00ea.<\/p>\n<p>Escala 5&#215;2: Segunda a sexta 07:00 \u00e1s 13:00<br \/>\nFolga: S\u00e1bado, Domingo<br \/>\nLocal: Centro m\u00e9dico Copacabana <\/p>\n<p>Oferecemos um pacote de benef\u00edcios completo para cuidar de voc\u00ea:<br \/>\nAssist\u00eancia M\u00e9dica oferecida conforme a sua elegibilidade<br \/>\nVale Refei\u00e7\u00e3o e Vale Alimenta\u00e7\u00e3o para suas refei\u00e7\u00f5es di\u00e1rias<br \/>\nTotalPass para cuidar do seu bem-estar f\u00edsico<br \/>\nVale Transporte para facilitar seu deslocamento<br \/>\nAux\u00edlio Creche, conforme CLT, para apoio na educa\u00e7\u00e3o infantil<br \/>\nCart\u00e3o Dr. Consulta com vantagens exclusivas em sa\u00fade<\/p>\n<p>RESPONSABILIDADES E ATRIBUI\u00c7\u00d5ES:<br \/>\nHumanizar a jornada do paciente dentro do Centro M\u00e9dico, proporcionando uma experi\u00eancia acolhedora e eficiente;<br \/>\nOrientar e esclarecer d\u00favidas dos pacientes desde sua chegada, garantindo uma recep\u00e7\u00e3o amig\u00e1vel e informativa;<br \/>\nAbordar os pacientes ao final do atendimento para avaliar a experi\u00eancia oferecida e identificar oportunidades de melhoria;<br \/>\nAuxiliar nos processos de atendimento relacionados \u00e0 sua fun\u00e7\u00e3o, sempre buscando otimizar o atendimento ao paciente;<br \/>\nGarantir o cumprimento dos procedimentos PEC (Padr\u00e3o de Excel\u00eancia e Controle) em todas as atividades relacionadas \u00e0 sua fun\u00e7\u00e3o.<\/p>\n<p>REQUISITOS E QUALIFICA\u00c7\u00d5ES:<br \/>\nEnsino M\u00e9dio Completo;<br \/>\nInform\u00e1tica b\u00e1sica;<br \/>\nDesej\u00e1vel ensino superior cursando.<\/p>\n<p>Se voc\u00ea possui as compet\u00eancias acima, estamos em busca de um profissional como voc\u00ea! Mas se voc\u00ea n\u00e3o se identificou com a vaga, compartilhe e fa\u00e7a a diferen\u00e7a.<\/p>\n<p>No Dr. Consulta, acreditamos que o respeito e a diversidade s\u00e3o essenciais para criar um ambiente onde cada pessoa possa ser aut\u00eantica. Valorizamos as singularidades de todos, incluindo Pessoas com Defici\u00eancia, Ra\u00e7a, Etnia, Idade, G\u00eanero, Cren\u00e7as, Orienta\u00e7\u00e3o Sexual e Identidade de G\u00eanero. #SejaVoc\u00eaAqui<\/p>\n<ul>\n<li>Local de trabalho: Rio de Janeiro, RJ<\/li>\n<li>Regime de contrata\u00e7\u00e3o de tipo: Jovem Aprendiz<\/li>\n<li>Jornada: Parcial manh\u00e3s<\/li>\n<li>\u00c1rea e especializa\u00e7\u00e3o profissional: Administra\u00e7\u00e3o &#8211; Recep\u00e7\u00e3o<\/li>\n<li>N\u00edvel hier\u00e1rquico: Auxiliar<\/li>\n<\/ul>\n<p>Escolaridade M\u00ednima: Ensino M\u00e9dio (2\u00ba Grau)<\/p>\n<ul>\n<li>Aux\u00edlio creche<\/li>\n<li>Vale-alimenta\u00e7\u00e3o<\/li>\n<li>Vale-refei\u00e7\u00e3o<\/li>\n<li>Vale-transporte<\/li>\n<li>totalpass<\/li>\n<li>Assist\u00eancia m\u00e9dica<\/li>\n<\/ul>\n","protected":false},"excerpt":{"rendered":"<p>Dr. Consulta \u00e9 uma empresa de aten\u00e7\u00e3o prim\u00e1ria \u2013 l\u00edder em SP. Estamos em busca de uma pessoa motivada, pronta para aprender e dar os primeiros passos na carreira, para fazer parte do nosso time em uma empresa que est\u00e1 em constante crescimento! Se voc\u00ea se identifica com a miss\u00e3o de criar e manter um [&hellip;]<\/p>\n","protected":false},"author":1,"featured_media":0,"comment_status":"open","ping_status":"open","sticky":false,"template":"","format":"standard","meta":{"footnotes":""},"categories":[21],"tags":[],"class_list":["post-2202","post","type-post","status-publish","format-standard","hentry","category-rio-de-janeiro-rj"],"_links":{"self":[{"href":"https:\/\/vagas.portalemprego.com.br\/index.php?rest_route=\/wp\/v2\/posts\/2202","targetHints":{"allow":["GET"]}}],"collection":[{"href":"https:\/\/vagas.portalemprego.com.br\/index.php?rest_route=\/wp\/v2\/posts"}],"about":[{"href":"https:\/\/vagas.portalemprego.com.br\/index.php?rest_route=\/wp\/v2\/types\/post"}],"author":[{"embeddable":true,"href":"https:\/\/vagas.portalemprego.com.br\/index.php?rest_route=\/wp\/v2\/users\/1"}],"replies":[{"embeddable":true,"href":"https:\/\/vagas.portalemprego.com.br\/index.php?rest_route=%2Fwp%2Fv2%2Fcomments&post=2202"}],"version-history":[{"count":0,"href":"https:\/\/vagas.portalemprego.com.br\/index.php?rest_route=\/wp\/v2\/posts\/2202\/revisions"}],"wp:attachment":[{"href":"https:\/\/vagas.portalemprego.com.br\/index.php?rest_route=%2Fwp%2Fv2%2Fmedia&parent=2202"}],"wp:term":[{"taxonomy":"category","embeddable":true,"href":"https:\/\/vagas.portalemprego.com.br\/index.php?rest_route=%2Fwp%2Fv2%2Fcategories&post=2202"},{"taxonomy":"post_tag","embeddable":true,"href":"https:\/\/vagas.portalemprego.com.br\/index.php?rest_route=%2Fwp%2Fv2%2Ftags&post=2202"}],"curies":[{"name":"wp","href":"https:\/\/api.w.org\/{rel}","templated":true}]}}