{"id":2204,"date":"2026-04-29T06:27:27","date_gmt":"2026-04-29T09:27:27","guid":{"rendered":"https:\/\/vagas.portalemprego.com.br\/?p=2204"},"modified":"2026-04-29T06:27:27","modified_gmt":"2026-04-29T09:27:27","slug":"auxiliar-de-coleta-copacabana-saude-rio-de-janeiro","status":"publish","type":"post","link":"https:\/\/vagas.portalemprego.com.br\/?p=2204","title":{"rendered":"Auxiliar de Coleta &#8211; Copacabana &#8211; Sa\u00fade &#8211; Rio de Janeiro"},"content":{"rendered":"<p>Estamos procurando uma pessoa apaixonada pela \u00e1rea de enfermagem, para fazer parte do nosso time, em uma empresa que est\u00e1 em constante crescimento!<br \/>\nSe voc\u00ea se identifica com a miss\u00e3o de criar e manter um ambiente seguro, saud\u00e1vel, focado no desenvolvimento pessoal e acolhedor para todos, essa oportunidade \u00e9 para voc\u00ea.<br \/>\nEscala 6&#215;1: Das 07:00 \u00e0s 13:00 de segunda a s\u00e1bado<br \/>\nFolga: Domingo<br \/>\nLocal: Centro m\u00e9dico Copacabana<\/p>\n<p>Oferecemos um pacote de benef\u00edcios completo para cuidar de voc\u00ea:<br \/>\nAssist\u00eancia M\u00e9dica oferecida conforme a sua elegibilidade<br \/>\nVale Refei\u00e7\u00e3o e Vale Alimenta\u00e7\u00e3o para suas refei\u00e7\u00f5es di\u00e1rias<br \/>\nTotalPass para cuidar do seu bem-estar f\u00edsico<br \/>\nVale Transporte para facilitar seu deslocamento<br \/>\nAux\u00edlio Creche, conforme CLT, para apoio na educa\u00e7\u00e3o infantil<br \/>\nCart\u00e3o Dr. Consulta com vantagens exclusivas em sa\u00fade<\/p>\n<p>RESPONSABILIDADES E ATRIBUI\u00c7\u00d5ES<br \/>\nExecutar os procedimentos inerentes \u00e0 fun\u00e7\u00e3o, conforme normas t\u00e9cnicas, protocolos institucionais e diretrizes vigentes, assegurando qualidade e seguran\u00e7a assistencial.<br \/>\nRealizar a identifica\u00e7\u00e3o segura do paciente e dos exames solicitados, conferindo dados, preparo pr\u00e9vio e documenta\u00e7\u00e3o antes da coleta.<br \/>\nExecutar a coleta de exames laboratoriais, incluindo preparo e acondicionamento adequado das amostras, garantindo integridade, rastreabilidade e correto encaminhamento para processamento.<br \/>\nContribuir para a redu\u00e7\u00e3o de recoletas e reconvoca\u00e7\u00f5es, zelando pela correta t\u00e9cnica de coleta, acondicionamento e orienta\u00e7\u00e3o ao paciente.<br \/>\nManter organiza\u00e7\u00e3o, limpeza e padroniza\u00e7\u00e3o da sala de coleta e consult\u00f3rios, conforme rotinas estabelecidas.<br \/>\nRealizar reposi\u00e7\u00e3o de kits, materiais e insumos conforme agenda di\u00e1ria e demanda assistencial.<br \/>\nMonitorar e registrar controle de temperatura de ambiente e equipamentos, validade de materiais e medicamentos, e funcionamento de equipamentos (ex.: glicos\u00edmetro), garantindo conformidade com padr\u00f5es de qualidade.<br \/>\nControlar a validade de insumos e medicamentos, realizando a substitui\u00e7\u00e3o quando necess\u00e1rio e seguindo normas de seguran\u00e7a e descarte.<br \/>\nZelar pela limpeza, organiza\u00e7\u00e3o e conserva\u00e7\u00e3o dos equipamentos e materiais utilizados nas salas.<br \/>\nAuxiliar os profissionais de sa\u00fade durante a realiza\u00e7\u00e3o de exames e\/ou procedimentos, oferecendo suporte na prepara\u00e7\u00e3o do ambiente, posicionamento do paciente e manuseio de instrumentos\/equipamentos, quando permitido.<br \/>\nComunicar \u00e0 equipe t\u00e9cnica qualquer irregularidade identificada nos equipamentos ou necessidade de manuten\u00e7\u00e3o.<br \/>\nAcompanhar o andamento dos exames SADT, monitorando o cumprimento dos prazos de libera\u00e7\u00e3o de resultados e informando a equipe sobre qualquer atraso ou necessidade de a\u00e7\u00f5es corretivas.<br \/>\nAuxiliar em tarefas administrativas simples, como controle de estoque, registro de materiais utilizados e organiza\u00e7\u00e3o de documentos relacionados aos exames.<br \/>\nRealizar a limpeza e desinfec\u00e7\u00e3o do equipamento e transdutores.<br \/>\nRealizar teste di\u00e1rio dos equipamentos de USG\/ECO e softwares.<br \/>\nAcompanhar e garantir mem\u00f3ria do equipamento, sinalizar o setor respons\u00e1vel para esvaziar a mem\u00f3ria, quando necess\u00e1rio.<br \/>\nRealizar confer\u00eancia di\u00e1ria da integra\u00e7\u00e3o de laudos\/imagens\/v\u00eddeos dos exames de imagem na plataforma (PACS), realizar tratativas quando necess\u00e1rio e acompanhamento do chamado.<br \/>\nComunicar ao enfermeiro respons\u00e1vel quaisquer n\u00e3o conformidades, intercorr\u00eancias ou riscos assistenciais identificados durante o atendimento.<\/p>\n<p>Se voc\u00ea possui as experi\u00eancias e compet\u00eancias acima, estamos em busca de um profissional como voc\u00ea! Mas se voc\u00ea n\u00e3o se identificou com a vaga, compartilhe e fa\u00e7a a diferen\u00e7a.<br \/>\nNo Dr. Consulta, acreditamos que o respeito e a diversidade s\u00e3o essenciais para criar um ambiente onde cada pessoa possa ser aut\u00eantica. Valorizamos as singularidades de todos, incluindo Pessoas com Defici\u00eancia, Ra\u00e7a, Etnia, Idade, G\u00eanero, Cren\u00e7as, Orienta\u00e7\u00e3o Sexual e Identidade de G\u00eanero. #SejaVoc\u00eaAqui<\/p>\n<ul>\n<li>Local de trabalho: Rio de Janeiro, RJ<\/li>\n<li>Regime de contrata\u00e7\u00e3o de tipo: Efetivo \u2013 CLT<\/li>\n<li>Jornada: Parcial manh\u00e3s<\/li>\n<li>\u00c1rea e especializa\u00e7\u00e3o profissional: Sa\u00fade &#8211; Enfermagem<\/li>\n<li>N\u00edvel hier\u00e1rquico: Trainee<\/li>\n<\/ul>\n<p>VALORIZADO<\/p>\n<p>Tempo de experi\u00eancia: Entre 1 e 3 anos<\/p>\n<p>Escolaridade M\u00ednima: Curso T\u00e9cnico<\/p>\n","protected":false},"excerpt":{"rendered":"<p>Estamos procurando uma pessoa apaixonada pela \u00e1rea de enfermagem, para fazer parte do nosso time, em uma empresa que est\u00e1 em constante crescimento! Se voc\u00ea se identifica com a miss\u00e3o de criar e manter um ambiente seguro, saud\u00e1vel, focado no desenvolvimento pessoal e acolhedor para todos, essa oportunidade \u00e9 para voc\u00ea. Escala 6&#215;1: Das 07:00 [&hellip;]<\/p>\n","protected":false},"author":1,"featured_media":0,"comment_status":"open","ping_status":"open","sticky":false,"template":"","format":"standard","meta":{"footnotes":""},"categories":[21],"tags":[],"class_list":["post-2204","post","type-post","status-publish","format-standard","hentry","category-rio-de-janeiro-rj"],"_links":{"self":[{"href":"https:\/\/vagas.portalemprego.com.br\/index.php?rest_route=\/wp\/v2\/posts\/2204","targetHints":{"allow":["GET"]}}],"collection":[{"href":"https:\/\/vagas.portalemprego.com.br\/index.php?rest_route=\/wp\/v2\/posts"}],"about":[{"href":"https:\/\/vagas.portalemprego.com.br\/index.php?rest_route=\/wp\/v2\/types\/post"}],"author":[{"embeddable":true,"href":"https:\/\/vagas.portalemprego.com.br\/index.php?rest_route=\/wp\/v2\/users\/1"}],"replies":[{"embeddable":true,"href":"https:\/\/vagas.portalemprego.com.br\/index.php?rest_route=%2Fwp%2Fv2%2Fcomments&post=2204"}],"version-history":[{"count":0,"href":"https:\/\/vagas.portalemprego.com.br\/index.php?rest_route=\/wp\/v2\/posts\/2204\/revisions"}],"wp:attachment":[{"href":"https:\/\/vagas.portalemprego.com.br\/index.php?rest_route=%2Fwp%2Fv2%2Fmedia&parent=2204"}],"wp:term":[{"taxonomy":"category","embeddable":true,"href":"https:\/\/vagas.portalemprego.com.br\/index.php?rest_route=%2Fwp%2Fv2%2Fcategories&post=2204"},{"taxonomy":"post_tag","embeddable":true,"href":"https:\/\/vagas.portalemprego.com.br\/index.php?rest_route=%2Fwp%2Fv2%2Ftags&post=2204"}],"curies":[{"name":"wp","href":"https:\/\/api.w.org\/{rel}","templated":true}]}}