{"id":2205,"date":"2026-04-29T06:27:27","date_gmt":"2026-04-29T09:27:27","guid":{"rendered":"https:\/\/vagas.portalemprego.com.br\/?p=2205"},"modified":"2026-04-29T06:27:27","modified_gmt":"2026-04-29T09:27:27","slug":"tecnico-de-enfermagem-copacabana-saude-rio-de-janeiro","status":"publish","type":"post","link":"https:\/\/vagas.portalemprego.com.br\/?p=2205","title":{"rendered":"T\u00e9cnico de Enfermagem &#8211; Copacabana &#8211; Sa\u00fade &#8211; Rio de Janeiro"},"content":{"rendered":"<p>Estamos procurando uma pessoa apaixonada pela \u00e1rea de enfermagem, para fazer parte do nosso time, em uma empresa que est\u00e1 em constante crescimento! <\/p>\n<p>Se voc\u00ea se identifica com a miss\u00e3o de criar e manter um ambiente seguro, saud\u00e1vel, focado no desenvolvimento pessoal e acolhedor para todos, essa oportunidade \u00e9 para voc\u00ea.<\/p>\n<p>Escala 6&#215;1: 06:30 \u00e0s 12:30 de segunda \u00e0 sabado.<br \/>\nFolga: Domingo<br \/>\nLocal: Centro m\u00e9dico Copacabana <\/p>\n<p>Oferecemos um pacote de benef\u00edcios completo para cuidar de voc\u00ea:<br \/>\nAssist\u00eancia M\u00e9dica oferecida conforme a sua elegibilidade<br \/>\nVale Refei\u00e7\u00e3o e Vale Alimenta\u00e7\u00e3o para suas refei\u00e7\u00f5es di\u00e1rias<br \/>\nTotalPass para cuidar do seu bem-estar f\u00edsico<br \/>\nVale Transporte para facilitar seu deslocamento<br \/>\nAux\u00edlio Creche, conforme CLT, para apoio na educa\u00e7\u00e3o infantil<br \/>\nCart\u00e3o Dr. Consulta com vantagens exclusivas em sa\u00fade<\/p>\n<p>RESPONSABILIDADES E ATRIBUI\u00c7\u00d5ES:<br \/>\nRealizar os procedimentos t\u00e9cnicos que s\u00e3o espec\u00edficos de sua fun\u00e7\u00e3o;<br \/>\nRealizar CME, com t\u00e9cnicas ass\u00e9pticas de esteriliza\u00e7\u00e3o e desinfec\u00e7\u00e3o;<br \/>\nAtuar no atendimento das intercorr\u00eancias, sob a supervis\u00e3o do enfermeiro, seguindo normas e diretrizes vigentes;<br \/>\nDirecionar ao enfermeiro as solicita\u00e7\u00f5es de materiais para atendimento de enfermagem;<br \/>\nRealizar nas atividades da Unidade, conforme descri\u00e7\u00e3o de rotinas de atividades (reposi\u00e7\u00e3o de kits, checagem de consult\u00f3rios, limpeza e organiza\u00e7\u00e3o do ambiente, controle de temperaturas de ambiente e equipamentos, dupla checagem do carrinho de emerg\u00eancia);<br \/>\nRealiza\u00e7\u00e3o de coleta de exames de an\u00e1lises laboratoriais (Identifica\u00e7\u00e3o do paciente e do exame, coleta, preparo\/processamento da amostra, despacho);<br \/>\nAtuar na reconvoca\u00e7\u00e3o\/recoleta de todos os exames da unidade, com contato ativo diariamente aos pacientes;<br \/>\nRealizar exames cardiol\u00f3gicos (Mapa, Holter, ECG, TERGO) e oftalmol\u00f3gicos (auto-refra\u00e7\u00e3o, auto-lensometria, mapeamento de retina);<br \/>\nAuxiliar os profissionais de sa\u00fade em sala de procedimentos;<br \/>\nAuxiliar os profissionais ginecologistas em procedimentos em sala (Colposcopia e Vulvoscopia, coloca\u00e7\u00e3o de DIU, cauteriza\u00e7\u00f5es, etc);<br \/>\nGarantir a identifica\u00e7\u00e3o das salas e a reposi\u00e7\u00e3o de materiais e insumos necess\u00e1rios de acordo com as agendas do dia;<br \/>\nAuxiliar o enfermeiro na gest\u00e3o dos receitu\u00e1rios controlados;<br \/>\nSer refer\u00eancia nos procedimentos e alta performance;<br \/>\nGarantir com o enfermeiro a execu\u00e7\u00e3o de plano de a\u00e7\u00e3o para indicadores com desvio;<br \/>\nSer multiplicador para aux\u00edlio em treinamento e procedimentos;<br \/>\nAuxiliar na organiza\u00e7\u00e3o e gest\u00e3o do almoxarifado (dispensa\u00e7\u00e3o, invent\u00e1rio, baixas, etc);<br \/>\nSe voc\u00ea possui as experi\u00eancias e compet\u00eancias acima, estamos em busca de um profissional como voc\u00ea! Mas se voc\u00ea n\u00e3o se identificou com a vaga, compartilhe e fa\u00e7a a diferen\u00e7a.<\/p>\n<p>No Dr. Consulta, acreditamos que o respeito e a diversidade s\u00e3o essenciais para criar um ambiente onde cada pessoa possa ser aut\u00eantica. Valorizamos as singularidades de todos, incluindo Pessoas com Defici\u00eancia, Ra\u00e7a, Etnia, Idade, G\u00eanero, Cren\u00e7as, Orienta\u00e7\u00e3o Sexual e Identidade de G\u00eanero. #SejaVoc\u00eaAqui<\/p>\n<ul>\n<li>Local de trabalho: Rio de Janeiro, RJ<\/li>\n<li>Regime de contrata\u00e7\u00e3o de tipo: Efetivo \u2013 CLT<\/li>\n<li>Jornada: Parcial manh\u00e3s<\/li>\n<li>\u00c1rea e especializa\u00e7\u00e3o profissional: Sa\u00fade &#8211; Enfermagem<\/li>\n<li>N\u00edvel hier\u00e1rquico: Analista<\/li>\n<\/ul>\n<p>VALORIZADO<\/p>\n<p>Tempo de experi\u00eancia: Entre 1 e 3 anos<\/p>\n<p>Escolaridade M\u00ednima: Curso T\u00e9cnico<\/p>\n<ul>\n<li>totalpass<\/li>\n<li>Aux\u00edlio creche<\/li>\n<li>Assist\u00eancia m\u00e9dica<\/li>\n<li>Vale-refei\u00e7\u00e3o<\/li>\n<li>Vale-alimenta\u00e7\u00e3o<\/li>\n<li>Vale-transporte<\/li>\n<\/ul>\n","protected":false},"excerpt":{"rendered":"<p>Estamos procurando uma pessoa apaixonada pela \u00e1rea de enfermagem, para fazer parte do nosso time, em uma empresa que est\u00e1 em constante crescimento! Se voc\u00ea se identifica com a miss\u00e3o de criar e manter um ambiente seguro, saud\u00e1vel, focado no desenvolvimento pessoal e acolhedor para todos, essa oportunidade \u00e9 para voc\u00ea. Escala 6&#215;1: 06:30 \u00e0s [&hellip;]<\/p>\n","protected":false},"author":1,"featured_media":0,"comment_status":"open","ping_status":"open","sticky":false,"template":"","format":"standard","meta":{"footnotes":""},"categories":[21],"tags":[],"class_list":["post-2205","post","type-post","status-publish","format-standard","hentry","category-rio-de-janeiro-rj"],"_links":{"self":[{"href":"https:\/\/vagas.portalemprego.com.br\/index.php?rest_route=\/wp\/v2\/posts\/2205","targetHints":{"allow":["GET"]}}],"collection":[{"href":"https:\/\/vagas.portalemprego.com.br\/index.php?rest_route=\/wp\/v2\/posts"}],"about":[{"href":"https:\/\/vagas.portalemprego.com.br\/index.php?rest_route=\/wp\/v2\/types\/post"}],"author":[{"embeddable":true,"href":"https:\/\/vagas.portalemprego.com.br\/index.php?rest_route=\/wp\/v2\/users\/1"}],"replies":[{"embeddable":true,"href":"https:\/\/vagas.portalemprego.com.br\/index.php?rest_route=%2Fwp%2Fv2%2Fcomments&post=2205"}],"version-history":[{"count":0,"href":"https:\/\/vagas.portalemprego.com.br\/index.php?rest_route=\/wp\/v2\/posts\/2205\/revisions"}],"wp:attachment":[{"href":"https:\/\/vagas.portalemprego.com.br\/index.php?rest_route=%2Fwp%2Fv2%2Fmedia&parent=2205"}],"wp:term":[{"taxonomy":"category","embeddable":true,"href":"https:\/\/vagas.portalemprego.com.br\/index.php?rest_route=%2Fwp%2Fv2%2Fcategories&post=2205"},{"taxonomy":"post_tag","embeddable":true,"href":"https:\/\/vagas.portalemprego.com.br\/index.php?rest_route=%2Fwp%2Fv2%2Ftags&post=2205"}],"curies":[{"name":"wp","href":"https:\/\/api.w.org\/{rel}","templated":true}]}}