{"id":2212,"date":"2026-04-29T06:27:27","date_gmt":"2026-04-29T09:27:27","guid":{"rendered":"https:\/\/vagas.portalemprego.com.br\/?p=2212"},"modified":"2026-04-29T06:27:27","modified_gmt":"2026-04-29T09:27:27","slug":"assistente-administrativo-pcd-administracao-rio-de-janeiro-2","status":"publish","type":"post","link":"https:\/\/vagas.portalemprego.com.br\/?p=2212","title":{"rendered":"Assistente Administrativo &#8211; PCD &#8211; Administra\u00e7\u00e3o &#8211; Rio de Janeiro"},"content":{"rendered":"<p>Assistente Administrativo &#8211; PCD<br \/>\nLocal de Trabalho: Vicente de Carvalho\/RJ<br \/>\nO que buscamos:<br \/>\nProfissional com experi\u00eancia nas \u00e1reas de Departamento Pessoal (DP) e RH;<br \/>\nPerfil organizado, proativo e com boa comunica\u00e7\u00e3o.<br \/>\nPrincipais Atividades:<br \/>\nSuporte \u00e0s rotinas de DP e Recursos Humanos;<br \/>\nAtendimento e organiza\u00e7\u00e3o administrativa da unidade.<br \/>\nRemunera\u00e7\u00e3o e Benef\u00edcios:<br \/>\nSal\u00e1rio: R$ 2.000,00;<br \/>\nVale Refei\u00e7\u00e3o (VR);<br \/>\nVale Transporte (VT).<br \/>\nHor\u00e1rio de Trabalho:<br \/>\nSegunda a quinta: 08:00 \u00e0s 18:00;<br \/>\nSexta-feira: 08:00 \u00e0s 17:00.<br \/>\n?? Vaga exclusiva para pessoas com defici\u00eancia (PCD).<\/p>\n<ul>\n<li>Local de trabalho: Rio de Janeiro, RJ<\/li>\n<li>Regime de contrata\u00e7\u00e3o de tipo: Efetivo \u2013 CLT<\/li>\n<li>Jornada: Per\u00edodo Integral<\/li>\n<li>\u00c1rea e especializa\u00e7\u00e3o profissional: Administra\u00e7\u00e3o &#8211; Administra\u00e7\u00e3o Geral<\/li>\n<li>N\u00edvel hier\u00e1rquico: Assistente<\/li>\n<\/ul>\n<p>Escolaridade M\u00ednima: Ensino M\u00e9dio (2\u00ba Grau)<\/p>\n<p>Sal\u00e1rio: 2000,0<\/p>\n","protected":false},"excerpt":{"rendered":"<p>Assistente Administrativo &#8211; PCD Local de Trabalho: Vicente de Carvalho\/RJ O que buscamos: Profissional com experi\u00eancia nas \u00e1reas de Departamento Pessoal (DP) e RH; Perfil organizado, proativo e com boa comunica\u00e7\u00e3o. Principais Atividades: Suporte \u00e0s rotinas de DP e Recursos Humanos; Atendimento e organiza\u00e7\u00e3o administrativa da unidade. Remunera\u00e7\u00e3o e Benef\u00edcios: Sal\u00e1rio: R$ 2.000,00; Vale Refei\u00e7\u00e3o [&hellip;]<\/p>\n","protected":false},"author":1,"featured_media":0,"comment_status":"open","ping_status":"open","sticky":false,"template":"","format":"standard","meta":{"footnotes":""},"categories":[21],"tags":[],"class_list":["post-2212","post","type-post","status-publish","format-standard","hentry","category-rio-de-janeiro-rj"],"_links":{"self":[{"href":"https:\/\/vagas.portalemprego.com.br\/index.php?rest_route=\/wp\/v2\/posts\/2212","targetHints":{"allow":["GET"]}}],"collection":[{"href":"https:\/\/vagas.portalemprego.com.br\/index.php?rest_route=\/wp\/v2\/posts"}],"about":[{"href":"https:\/\/vagas.portalemprego.com.br\/index.php?rest_route=\/wp\/v2\/types\/post"}],"author":[{"embeddable":true,"href":"https:\/\/vagas.portalemprego.com.br\/index.php?rest_route=\/wp\/v2\/users\/1"}],"replies":[{"embeddable":true,"href":"https:\/\/vagas.portalemprego.com.br\/index.php?rest_route=%2Fwp%2Fv2%2Fcomments&post=2212"}],"version-history":[{"count":0,"href":"https:\/\/vagas.portalemprego.com.br\/index.php?rest_route=\/wp\/v2\/posts\/2212\/revisions"}],"wp:attachment":[{"href":"https:\/\/vagas.portalemprego.com.br\/index.php?rest_route=%2Fwp%2Fv2%2Fmedia&parent=2212"}],"wp:term":[{"taxonomy":"category","embeddable":true,"href":"https:\/\/vagas.portalemprego.com.br\/index.php?rest_route=%2Fwp%2Fv2%2Fcategories&post=2212"},{"taxonomy":"post_tag","embeddable":true,"href":"https:\/\/vagas.portalemprego.com.br\/index.php?rest_route=%2Fwp%2Fv2%2Ftags&post=2212"}],"curies":[{"name":"wp","href":"https:\/\/api.w.org\/{rel}","templated":true}]}}