{"id":2215,"date":"2026-04-29T06:27:27","date_gmt":"2026-04-29T09:27:27","guid":{"rendered":"https:\/\/vagas.portalemprego.com.br\/?p=2215"},"modified":"2026-04-29T06:27:27","modified_gmt":"2026-04-29T09:27:27","slug":"vendedora-clube-melissa-shopping-grande-rio-comercial-vendas-sao-joao-de-meriti","status":"publish","type":"post","link":"https:\/\/vagas.portalemprego.com.br\/?p=2215","title":{"rendered":"Vendedor(a) &#8211; Clube Melissa Shopping Grande Rio &#8211; Comercial, Vendas &#8211; S\u00e3o Jo\u00e3o de Meriti"},"content":{"rendered":"<p>SEJA VENDEDOR(A) NA MELISSA!<br \/>\nVoc\u00ea ama moda, \u00e9 apaixonado por pessoas e quer fazer parte de um time criativo, conectado e cheio de atitude? Ent\u00e3o vem com a gente! Na Melissa, ser vendedor(a) \u00e9 mais do que atender \u2014 \u00e9 encantar, criar conex\u00f5es reais com os clientes e espalhar o nosso universo de estilo e inova\u00e7\u00e3o. <\/p>\n<p>COMO SER\u00c1 O SEU DIA A DIA:<br \/>\nAtender com aten\u00e7\u00e3o, empatia e aquele brilho no olhar que encanta de verdade;<br \/>\nConectar o cliente com os produtos ideais, transmitindo confian\u00e7a, estilo e informa\u00e7\u00e3o de moda;<br \/>\nAtuar com excel\u00eancia em p\u00f3s-venda e fideliza\u00e7\u00e3o, fortalecendo o relacionamento com nossos clientes;<br \/>\nDivulgar nossos produtos nas redes, com criatividade e atitude digital;<br \/>\nManter a loja impec\u00e1vel em organiza\u00e7\u00e3o, layout e visual merchandising;<br \/>\nAcompanhar suas metas e resultados, buscando sempre se superar;<br \/>\nApoiar o time com disposi\u00e7\u00e3o e jogo de cintura! <\/p>\n<p>O QUE VOC\u00ca PRECISA TER:<br \/>\nEnsino M\u00e9dio completo;<br \/>\nExperi\u00eancia com vendas no varejo (de prefer\u00eancia moda);<br \/>\nConhecimentos b\u00e1sicos de inform\u00e1tica e redes sociais;<br \/>\nDisponibilidade de hor\u00e1rio e f\u00e1cil acesso \u00e0 loja;<br \/>\nApar\u00eancia alinhada com o estilo da marca e boa comunica\u00e7\u00e3o. <\/p>\n<p>QUEM BRILHA NA MELISSA:<br \/>\nPessoas com energia positiva, iniciativa e presen\u00e7a marcante;<br \/>\nComunicativas, simp\u00e1ticas e com vontade de crescer;<br \/>\nQue sejam organizadas, comprometidas e que gostem de trabalhar com metas;<br \/>\nQue saibam usar a criatividade para surpreender os clientes \u2014 no atendimento e tamb\u00e9m no digital. <\/p>\n<p>Se voc\u00ea ama moda, curte um ambiente de equipe vibrante e quer representar uma marca que \u00e9 puro estilo, essa vaga \u00e9 pra voc\u00ea! Vem fazer parte do nosso universo. Vem ser Melissa.<\/p>\n<ul>\n<li>N\u00famero de vagas: 2<\/li>\n<li>Local de trabalho: S\u00e3o Jo\u00e3o de Meriti, RJ<\/li>\n<li>Regime de contrata\u00e7\u00e3o de tipo: Efetivo \u2013 CLT<\/li>\n<li>Jornada: Per\u00edodo Integral<\/li>\n<li>\u00c1rea e especializa\u00e7\u00e3o profissional: Comercial, Vendas &#8211; Lojas \/ Shopping<\/li>\n<li>N\u00edvel hier\u00e1rquico: Operacional<\/li>\n<\/ul>\n<p>HABILIDADES<\/p>\n<ul>\n<li>Organiza\u00e7\u00e3o<\/li>\n<li>Vendas<\/li>\n<li>Agilidade<\/li>\n<\/ul>\n<p>Escolaridade M\u00ednima: Ensino M\u00e9dio (2\u00ba Grau)<\/p>\n<ul>\n<li>Plano de Carreira<\/li>\n<li>Vale-alimenta\u00e7\u00e3o<\/li>\n<li>Seguro de Vida<\/li>\n<li>Plano odontol\u00f3gico<\/li>\n<li>Vale-transporte<\/li>\n<li>Plano de Sa\u00fade<\/li>\n<\/ul>\n<p>Sal\u00e1rio: 4000,0<\/p>\n","protected":false},"excerpt":{"rendered":"<p>SEJA VENDEDOR(A) NA MELISSA! Voc\u00ea ama moda, \u00e9 apaixonado por pessoas e quer fazer parte de um time criativo, conectado e cheio de atitude? Ent\u00e3o vem com a gente! Na Melissa, ser vendedor(a) \u00e9 mais do que atender \u2014 \u00e9 encantar, criar conex\u00f5es reais com os clientes e espalhar o nosso universo de estilo e [&hellip;]<\/p>\n","protected":false},"author":1,"featured_media":0,"comment_status":"open","ping_status":"open","sticky":false,"template":"","format":"standard","meta":{"footnotes":""},"categories":[21],"tags":[],"class_list":["post-2215","post","type-post","status-publish","format-standard","hentry","category-rio-de-janeiro-rj"],"_links":{"self":[{"href":"https:\/\/vagas.portalemprego.com.br\/index.php?rest_route=\/wp\/v2\/posts\/2215","targetHints":{"allow":["GET"]}}],"collection":[{"href":"https:\/\/vagas.portalemprego.com.br\/index.php?rest_route=\/wp\/v2\/posts"}],"about":[{"href":"https:\/\/vagas.portalemprego.com.br\/index.php?rest_route=\/wp\/v2\/types\/post"}],"author":[{"embeddable":true,"href":"https:\/\/vagas.portalemprego.com.br\/index.php?rest_route=\/wp\/v2\/users\/1"}],"replies":[{"embeddable":true,"href":"https:\/\/vagas.portalemprego.com.br\/index.php?rest_route=%2Fwp%2Fv2%2Fcomments&post=2215"}],"version-history":[{"count":0,"href":"https:\/\/vagas.portalemprego.com.br\/index.php?rest_route=\/wp\/v2\/posts\/2215\/revisions"}],"wp:attachment":[{"href":"https:\/\/vagas.portalemprego.com.br\/index.php?rest_route=%2Fwp%2Fv2%2Fmedia&parent=2215"}],"wp:term":[{"taxonomy":"category","embeddable":true,"href":"https:\/\/vagas.portalemprego.com.br\/index.php?rest_route=%2Fwp%2Fv2%2Fcategories&post=2215"},{"taxonomy":"post_tag","embeddable":true,"href":"https:\/\/vagas.portalemprego.com.br\/index.php?rest_route=%2Fwp%2Fv2%2Ftags&post=2215"}],"curies":[{"name":"wp","href":"https:\/\/api.w.org\/{rel}","templated":true}]}}