{"id":2216,"date":"2026-04-29T06:27:27","date_gmt":"2026-04-29T09:27:27","guid":{"rendered":"https:\/\/vagas.portalemprego.com.br\/?p=2216"},"modified":"2026-04-29T06:27:27","modified_gmt":"2026-04-29T09:27:27","slug":"auxiliar-de-cozinha-pizzaria-laranjeiras-salario-r2-00000-alimentacao-gastronomia-rio-de-janeiro","status":"publish","type":"post","link":"https:\/\/vagas.portalemprego.com.br\/?p=2216","title":{"rendered":"Auxiliar de Cozinha\/Pizzaria &#8211; Laranjeiras &#8211; Sal\u00e1rio: R$2.000,00 &#8211; Alimenta\u00e7\u00e3o \/ Gastronomia &#8211; Rio de Janeiro"},"content":{"rendered":"<p>ENVIAR CURR\u00cdCULO ATUALIZADO PARA (21)97901-6868 INFORMANDO QUE TEM INTERESSE NA VAGA DE AUXILIAR DE COZINHA NO HOR\u00c1RIO DO FECHAMENTO.<br \/>\nTrabalho: Trabalhar em pizzaria, abrindo massa de pizza, montando e forneando as pizzas.<br \/>\nSAL\u00c1RIO E BENEF\u00cdCIOS:<br \/>\nSal\u00e1rio: R$ 2.000,00<br \/>\nParticipa\u00e7\u00e3o nos Lucros (PPR) &#8211; at\u00e9 o equivalente a 3 sal\u00e1rios extras por ano!<br \/>\nPr\u00eamio presen\u00e7a &#8211; R$250,00 por m\u00eas\/bruto<br \/>\nB\u00f4nus por domingo e feriado trabalhado<br \/>\nRefei\u00e7\u00e3o no local<br \/>\nPlano de Sa\u00fade<br \/>\nPlano Odontol\u00f3gico<br \/>\nSeguro de Vida<br \/>\nVale Transporte<br \/>\nDesconto em produtos da empresa<br \/>\nOportunidade de crescimento!<\/p>\n<p>RESPONSABILIDADE:<br \/>\nPreparo de Alimentos: Ajudar no corte e preparo dos ingredientes seguindo as orienta\u00e7\u00f5es da equipe.<br \/>\nHigiene e Organiza\u00e7\u00e3o: Lavar utens\u00edlios e manter a cozinha limpa e organizada.<br \/>\nControle de Estoque: Conferir os ingredientes e avisar quando for necess\u00e1rio repor.<br \/>\nMontagem de Pratos: Auxiliar na finaliza\u00e7\u00e3o e montagem dos pedidos para o cliente.<br \/>\nSeguran\u00e7a Alimentar: Seguir as normas de higiene para garantir a qualidade da comida.<\/p>\n<p>REQUISITOS:<br \/>\nExperi\u00eancia pr\u00e9via na fun\u00e7\u00e3o ou similar ser\u00e1 um diferencial.<br \/>\nDisponibilidade para trabalhar por escala e finais de semana.<br \/>\nSer proativo, organizado e ter facilidade para trabalhar em equipe.<\/p>\n<p>Venha fazer parte da nossa hist\u00f3ria!<br \/>\n\u201cTodas as nossas vagas s\u00e3o eleg\u00edveis para pessoas com defici\u00eancia ou reabilitadas pela Previd\u00eancia Social.\u201d<\/p>\n<ul>\n<li>N\u00famero de vagas: 5<\/li>\n<li>Local de trabalho: Rio de Janeiro, RJ<\/li>\n<li>Regime de contrata\u00e7\u00e3o de tipo: Efetivo \u2013 CLT<\/li>\n<li>Jornada: Per\u00edodo Integral<\/li>\n<li>\u00c1rea e especializa\u00e7\u00e3o profissional: Alimenta\u00e7\u00e3o \/ Gastronomia &#8211; Gastronomia<\/li>\n<li>N\u00edvel hier\u00e1rquico: Operacional<\/li>\n<\/ul>\n<p>VALORIZADO<\/p>\n<p>Tempo de experi\u00eancia: Entre 1 e 3 anos<\/p>\n<p>Escolaridade M\u00ednima: Ensino Fundamental (1\u00ba grau)<\/p>\n<ul>\n<li>B\u00f4nus mensal<\/li>\n<li>B\u00f4nus por domingo e feriado trabalhado<\/li>\n<li>Participa\u00e7\u00e3o nos lucros<\/li>\n<li>Seguro de vida<\/li>\n<li>Alimenta\u00e7\u00e3o no Local<\/li>\n<li>Plano de Sa\u00fade<\/li>\n<li>Plano Odontol\u00f3gico<\/li>\n<li>Vale transporte<\/li>\n<li>Desconto em produtos<\/li>\n<\/ul>\n<p>Sal\u00e1rio: 2000,0<\/p>\n","protected":false},"excerpt":{"rendered":"<p>ENVIAR CURR\u00cdCULO ATUALIZADO PARA (21)97901-6868 INFORMANDO QUE TEM INTERESSE NA VAGA DE AUXILIAR DE COZINHA NO HOR\u00c1RIO DO FECHAMENTO. Trabalho: Trabalhar em pizzaria, abrindo massa de pizza, montando e forneando as pizzas. SAL\u00c1RIO E BENEF\u00cdCIOS: Sal\u00e1rio: R$ 2.000,00 Participa\u00e7\u00e3o nos Lucros (PPR) &#8211; at\u00e9 o equivalente a 3 sal\u00e1rios extras por ano! Pr\u00eamio presen\u00e7a &#8211; [&hellip;]<\/p>\n","protected":false},"author":1,"featured_media":0,"comment_status":"open","ping_status":"open","sticky":false,"template":"","format":"standard","meta":{"footnotes":""},"categories":[21],"tags":[],"class_list":["post-2216","post","type-post","status-publish","format-standard","hentry","category-rio-de-janeiro-rj"],"_links":{"self":[{"href":"https:\/\/vagas.portalemprego.com.br\/index.php?rest_route=\/wp\/v2\/posts\/2216","targetHints":{"allow":["GET"]}}],"collection":[{"href":"https:\/\/vagas.portalemprego.com.br\/index.php?rest_route=\/wp\/v2\/posts"}],"about":[{"href":"https:\/\/vagas.portalemprego.com.br\/index.php?rest_route=\/wp\/v2\/types\/post"}],"author":[{"embeddable":true,"href":"https:\/\/vagas.portalemprego.com.br\/index.php?rest_route=\/wp\/v2\/users\/1"}],"replies":[{"embeddable":true,"href":"https:\/\/vagas.portalemprego.com.br\/index.php?rest_route=%2Fwp%2Fv2%2Fcomments&post=2216"}],"version-history":[{"count":0,"href":"https:\/\/vagas.portalemprego.com.br\/index.php?rest_route=\/wp\/v2\/posts\/2216\/revisions"}],"wp:attachment":[{"href":"https:\/\/vagas.portalemprego.com.br\/index.php?rest_route=%2Fwp%2Fv2%2Fmedia&parent=2216"}],"wp:term":[{"taxonomy":"category","embeddable":true,"href":"https:\/\/vagas.portalemprego.com.br\/index.php?rest_route=%2Fwp%2Fv2%2Fcategories&post=2216"},{"taxonomy":"post_tag","embeddable":true,"href":"https:\/\/vagas.portalemprego.com.br\/index.php?rest_route=%2Fwp%2Fv2%2Ftags&post=2216"}],"curies":[{"name":"wp","href":"https:\/\/api.w.org\/{rel}","templated":true}]}}