{"id":2220,"date":"2026-04-29T06:27:27","date_gmt":"2026-04-29T09:27:27","guid":{"rendered":"https:\/\/vagas.portalemprego.com.br\/?p=2220"},"modified":"2026-04-29T06:27:27","modified_gmt":"2026-04-29T09:27:27","slug":"analista-de-gestao-de-equipamentos-e-metrologia-jr-qualidade-rio-de-janeiro","status":"publish","type":"post","link":"https:\/\/vagas.portalemprego.com.br\/?p=2220","title":{"rendered":"Analista de Gest\u00e3o de Equipamentos e Metrologia Jr &#8211; Qualidade &#8211; Rio de Janeiro"},"content":{"rendered":"<p>O Grupo Seres, em parceria com empresa nacional do segmento de Farm\u00e1cia, seleciona profissional para atuar na fun\u00e7\u00e3o de Analista de Gest\u00e3o de Equipamentos e Metrologia Jr<br \/>\nAtividades:<br \/>\n\u00a0Executar, com iniciativa, as atividades sob sua responsabilidade no Servi\u00e7o de Metrologia, relativas \u00e0 gest\u00e3o, calibra\u00e7\u00e3o e qualifica\u00e7\u00e3o de equipamentos e instrumentos de medi\u00e7\u00e3o, prestando apoio t\u00e9cnico em atividades de baixa complexidade e criticidade, com responsabilidade crescente e sob supervis\u00e3o de profissionais mais experientes, desenvolvendo e revisando procedimentos e instru\u00e7\u00f5es de trabalho para gest\u00e3o, manuten\u00e7\u00e3o e calibra\u00e7\u00e3o de instrumentos, conforme normas e guias nacionais e internacionais, realizando treinamentos em POPs e integra\u00e7\u00e3o de novos colaboradores nas atividades do servi\u00e7o, controlando instrumentos de medi\u00e7\u00e3o e equipamentos segundo m\u00e9todos e procedimentos definidos, criando e mantendo cadastros atualizados, programando e acompanhando planos de calibra\u00e7\u00e3o, manuten\u00e7\u00e3o e qualifica\u00e7\u00e3o, incluindo abertura, atualiza\u00e7\u00e3o e encerramento de ordens de servi\u00e7o, agendando junto a prestadores internos e externos a execu\u00e7\u00e3o de servi\u00e7os de manuten\u00e7\u00e3o preventiva e corretiva,\u00a0calibra\u00e7\u00e3o e qualifica\u00e7\u00e3o de equipamentos, acompanhando sua execu\u00e7\u00e3o, apoiando a elabora\u00e7\u00e3o de documentos de Especifica\u00e7\u00e3o de Requisitos de Usu\u00e1rio (ERU) para novos equipamentos e sistemas, apoiando a avalia\u00e7\u00e3o e arquivamento de protocolos de calibra\u00e7\u00e3o e qualifica\u00e7\u00e3o, bem como auxiliar na instala\u00e7\u00e3o e adequa\u00e7\u00e3o de novos equipamentos e sistemas computadorizados em laborat\u00f3rio, operacionalizando sistemas internos, realizando an\u00e1lises cr\u00edticas de procedimentos, elaborando pareceres t\u00e9cnicos e relat\u00f3rios de resultados, controlando e arquivando documenta\u00e7\u00e3o t\u00e9cnica e registrando as atividades executadas, contribuindo para o bom andamento das atividades da \u00e1rea e o atendimento das demandas em tempo adequado, colaborando em a\u00e7\u00f5es relacionadas ao controle de mudan\u00e7as, desvios e an\u00e1lise de riscos associados \u00e0 qualifica\u00e7\u00e3o, a fim de garantir o cumprimento das diretrizes estabelecidas pelas Boas Pr\u00e1ticas de Fabrica\u00e7\u00e3o e as pol\u00edticas institucionais.\u00a0<br \/>\nHor\u00e1rio de trabalho:<br \/>\nHor\u00e1rio: 08h \u00e0s 17h<br \/>\nEscala: Segunda a Sexta\u00a0<br \/>\nModelo: Presencial\u00a0<br \/>\nOutras observa\u00e7\u00f5es caso necess\u00e1rio<br \/>\nLocal de trabalho:<br \/>\nJacarepagu\u00e1, Rio de Janeiro &#8211; Brasil<br \/>\nIncentivamos candidaturas PCD, popula\u00e7\u00e3o negra, mulheres, LGBTQIAPN+.<\/p>\n<p>Requisitos<\/p>\n<p>Requisitos Obrigat\u00f3rios:<br \/>\nEnsino superior completo em Engenharia, Farm\u00e1cia, Qu\u00edmica, Ci\u00eancias Biol\u00f3gicas, Gest\u00e3o da Qualidade, Gest\u00e3o da Produ\u00e7\u00e3o Industrial ou \u00e1reas afins;<br \/>\nViv\u00eancia e conhecimento referente \u00e0 calibra\u00e7\u00e3o de equipamentos e instrumentos de medi\u00e7\u00e3o;\u00a0<br \/>\nExperi\u00eancia com elabora\u00e7\u00e3o de documenta\u00e7\u00e3o t\u00e9cnica (relat\u00f3rios, procedimentos, instru\u00e7\u00f5es de trabalho ou outros);\u00a0<br \/>\nHabilidades com pacote office.<br \/>\nDesej\u00e1vel:<br \/>\nConhecimento em instrumentos de press\u00e3o, temperatura, umidade, velocidade, peso e vidrarias, al\u00e9m de equipamentos como HPLC, UHPLC, Dissolutor, CG e etc.<\/p>\n<ul>\n<li>Local de trabalho: Rio de Janeiro, RJ<\/li>\n<li>Regime de contrata\u00e7\u00e3o de tipo: Efetivo \u2013 CLT<\/li>\n<li>Jornada: Per\u00edodo Integral<\/li>\n<li>\u00c1rea e especializa\u00e7\u00e3o profissional: Qualidade &#8211; Qualidade<\/li>\n<li>N\u00edvel hier\u00e1rquico: Analista<\/li>\n<\/ul>\n<p>Escolaridade M\u00ednima: Ensino Superior<\/p>\n<p>Sal\u00e1rio: 5596,48<\/p>\n","protected":false},"excerpt":{"rendered":"<p>O Grupo Seres, em parceria com empresa nacional do segmento de Farm\u00e1cia, seleciona profissional para atuar na fun\u00e7\u00e3o de Analista de Gest\u00e3o de Equipamentos e Metrologia Jr Atividades: \u00a0Executar, com iniciativa, as atividades sob sua responsabilidade no Servi\u00e7o de Metrologia, relativas \u00e0 gest\u00e3o, calibra\u00e7\u00e3o e qualifica\u00e7\u00e3o de equipamentos e instrumentos de medi\u00e7\u00e3o, prestando apoio t\u00e9cnico [&hellip;]<\/p>\n","protected":false},"author":1,"featured_media":0,"comment_status":"open","ping_status":"open","sticky":false,"template":"","format":"standard","meta":{"footnotes":""},"categories":[21],"tags":[],"class_list":["post-2220","post","type-post","status-publish","format-standard","hentry","category-rio-de-janeiro-rj"],"_links":{"self":[{"href":"https:\/\/vagas.portalemprego.com.br\/index.php?rest_route=\/wp\/v2\/posts\/2220","targetHints":{"allow":["GET"]}}],"collection":[{"href":"https:\/\/vagas.portalemprego.com.br\/index.php?rest_route=\/wp\/v2\/posts"}],"about":[{"href":"https:\/\/vagas.portalemprego.com.br\/index.php?rest_route=\/wp\/v2\/types\/post"}],"author":[{"embeddable":true,"href":"https:\/\/vagas.portalemprego.com.br\/index.php?rest_route=\/wp\/v2\/users\/1"}],"replies":[{"embeddable":true,"href":"https:\/\/vagas.portalemprego.com.br\/index.php?rest_route=%2Fwp%2Fv2%2Fcomments&post=2220"}],"version-history":[{"count":0,"href":"https:\/\/vagas.portalemprego.com.br\/index.php?rest_route=\/wp\/v2\/posts\/2220\/revisions"}],"wp:attachment":[{"href":"https:\/\/vagas.portalemprego.com.br\/index.php?rest_route=%2Fwp%2Fv2%2Fmedia&parent=2220"}],"wp:term":[{"taxonomy":"category","embeddable":true,"href":"https:\/\/vagas.portalemprego.com.br\/index.php?rest_route=%2Fwp%2Fv2%2Fcategories&post=2220"},{"taxonomy":"post_tag","embeddable":true,"href":"https:\/\/vagas.portalemprego.com.br\/index.php?rest_route=%2Fwp%2Fv2%2Ftags&post=2220"}],"curies":[{"name":"wp","href":"https:\/\/api.w.org\/{rel}","templated":true}]}}