{"id":2332,"date":"2026-04-29T06:29:29","date_gmt":"2026-04-29T09:29:29","guid":{"rendered":"https:\/\/vagas.portalemprego.com.br\/?p=2332"},"modified":"2026-04-29T06:29:29","modified_gmt":"2026-04-29T09:29:29","slug":"auxiliar-de-servicos-gerais-servicos-gerais-volta-redonda","status":"publish","type":"post","link":"https:\/\/vagas.portalemprego.com.br\/?p=2332","title":{"rendered":"Auxiliar de Servi\u00e7os Gerais &#8211; Servi\u00e7os Gerais &#8211; Volta Redonda"},"content":{"rendered":"<p>O Grupo Seres, em parceria com empresa nacional do segmento de a\u00e7o, seleciona profissional para atuar na fun\u00e7\u00e3o de Auxiliar de Servi\u00e7os Gerais.<br \/>\nAtividades:<br \/>\nCuidar da limpeza do refeit\u00f3rio, limpeza de ch\u00e3o, separa\u00e7\u00e3o e retirada de lixo;<br \/>\nOrganiza\u00e7\u00e3o do local de refei\u00e7\u00e3o;<br \/>\nApoio aos cozinheiros;<br \/>\nManter o local de trabalho limpo e organizado;<br \/>\nTrabalhar em conformidade \u00e0s Normas e Procedimentos T\u00e9cnicos, de Qualidade, Seguran\u00e7a dos Alimentos, Seguran\u00e7a, Higiene, Sa\u00fade e Preserva\u00e7\u00e3o Ambiental.<br \/>\nHor\u00e1rio de trabalho:<br \/>\nHor\u00e1rio: 06H \u00c0S 14H | 14H \u00e0s 22H | 22H \u00e0s 06H (Turno rotativo)<br \/>\nEscala: 6&#215;1(Segunda \u00e0 S\u00e1bado)<br \/>\nModelo: Presencial<br \/>\nLocal de trabalho:<br \/>\nVolta Redonda, Rio de Janeiro &#8211; Brasil<br \/>\nRequisitos Obrigat\u00f3rios:<br \/>\nEnsino Fundamental completo<br \/>\nExperi\u00eancia com limpeza.<br \/>\nDesej\u00e1vel:<br \/>\nExperi\u00eancia com limpeza industrial.<\/p>\n<p>Incentivamos\u00a0candidaturas\u00a0PCD,\u00a0popula\u00e7\u00e3o\u00a0negra,\u00a0mulheres,\u00a0LGBTQIAPN+.<\/p>\n<ul>\n<li>Local de trabalho: Volta Redonda, RJ<\/li>\n<li>Regime de contrata\u00e7\u00e3o de tipo: Tempor\u00e1rio<\/li>\n<li>Jornada: Per\u00edodo Integral<\/li>\n<li>\u00c1rea e especializa\u00e7\u00e3o profissional: Servi\u00e7os Gerais &#8211; Limpeza<\/li>\n<li>N\u00edvel hier\u00e1rquico: Auxiliar<\/li>\n<\/ul>\n<p>Escolaridade M\u00ednima: Ensino Fundamental (1\u00ba grau)<\/p>\n","protected":false},"excerpt":{"rendered":"<p>O Grupo Seres, em parceria com empresa nacional do segmento de a\u00e7o, seleciona profissional para atuar na fun\u00e7\u00e3o de Auxiliar de Servi\u00e7os Gerais. Atividades: Cuidar da limpeza do refeit\u00f3rio, limpeza de ch\u00e3o, separa\u00e7\u00e3o e retirada de lixo; Organiza\u00e7\u00e3o do local de refei\u00e7\u00e3o; Apoio aos cozinheiros; Manter o local de trabalho limpo e organizado; Trabalhar em [&hellip;]<\/p>\n","protected":false},"author":1,"featured_media":0,"comment_status":"open","ping_status":"open","sticky":false,"template":"","format":"standard","meta":{"footnotes":""},"categories":[21],"tags":[],"class_list":["post-2332","post","type-post","status-publish","format-standard","hentry","category-rio-de-janeiro-rj"],"_links":{"self":[{"href":"https:\/\/vagas.portalemprego.com.br\/index.php?rest_route=\/wp\/v2\/posts\/2332","targetHints":{"allow":["GET"]}}],"collection":[{"href":"https:\/\/vagas.portalemprego.com.br\/index.php?rest_route=\/wp\/v2\/posts"}],"about":[{"href":"https:\/\/vagas.portalemprego.com.br\/index.php?rest_route=\/wp\/v2\/types\/post"}],"author":[{"embeddable":true,"href":"https:\/\/vagas.portalemprego.com.br\/index.php?rest_route=\/wp\/v2\/users\/1"}],"replies":[{"embeddable":true,"href":"https:\/\/vagas.portalemprego.com.br\/index.php?rest_route=%2Fwp%2Fv2%2Fcomments&post=2332"}],"version-history":[{"count":0,"href":"https:\/\/vagas.portalemprego.com.br\/index.php?rest_route=\/wp\/v2\/posts\/2332\/revisions"}],"wp:attachment":[{"href":"https:\/\/vagas.portalemprego.com.br\/index.php?rest_route=%2Fwp%2Fv2%2Fmedia&parent=2332"}],"wp:term":[{"taxonomy":"category","embeddable":true,"href":"https:\/\/vagas.portalemprego.com.br\/index.php?rest_route=%2Fwp%2Fv2%2Fcategories&post=2332"},{"taxonomy":"post_tag","embeddable":true,"href":"https:\/\/vagas.portalemprego.com.br\/index.php?rest_route=%2Fwp%2Fv2%2Ftags&post=2332"}],"curies":[{"name":"wp","href":"https:\/\/api.w.org\/{rel}","templated":true}]}}