{"id":2334,"date":"2026-04-29T06:29:29","date_gmt":"2026-04-29T09:29:29","guid":{"rendered":"https:\/\/vagas.portalemprego.com.br\/?p=2334"},"modified":"2026-04-29T06:29:29","modified_gmt":"2026-04-29T09:29:29","slug":"1413-vendedor-interno-madeireira-cabo-frio-rj-comercial-vendas-cabo-frio","status":"publish","type":"post","link":"https:\/\/vagas.portalemprego.com.br\/?p=2334","title":{"rendered":"#1413 Vendedor Interno (Madeireira) Cabo Frio\/RJ &#8211; Comercial, Vendas &#8211; Cabo Frio"},"content":{"rendered":"<p>Estamos em busca de um Vendedor Interno para se juntar \u00e0 nossa equipe. O cargo oferece a oportunidade de contribuir para o crescimento e o sucesso da empresa, trabalhando em um ambiente din\u00e2mico e colaborativo.<br \/>\nFun\u00e7\u00f5es:<br \/>\nGerenciar o processo de vendas internas;<br \/>\nAcompanhar pedidos online e presencial;<br \/>\nAtividades de promo\u00e7\u00e3o e divulga\u00e7\u00e3o de produtos;<br \/>\nAcompanhar o desempenho de vendas ;<br \/>\nColaborar com outras \u00e1reas para garantir a satisfa\u00e7\u00e3o do cliente.<\/p>\n<p>Requisitos:<br \/>\nEnsino medio completo;<br \/>\nExperi\u00eancia em vendas;<br \/>\nExperiencia em CRM e sistemas online\/web;<br \/>\nConhecimento em t\u00e9cnicas de negocia\u00e7\u00e3o;<br \/>\nCapacidade de trabalhar em equipe e em um ambiente de alta performance.<\/p>\n<p>Benef\u00edcios:<br \/>\nComissionamento;<br \/>\nVale transporte;<br \/>\nOferecemos um ambiente de trabalho acolhedor;<br \/>\nVoc\u00ea ter\u00e1 acesso a treinamentos cont\u00ednuos;<br \/>\nA oportunidade de crescer profissionalmente dentro da empresa.<\/p>\n<p>A vaga \u00e9 presencial . Junte-se a n\u00f3s e fa\u00e7a parte de uma equipe comprometida com o sucesso e o desenvolvimento profissional.<\/p>\n<ul>\n<li>Local de trabalho: Cabo Frio, RJ<\/li>\n<li>Regime de contrata\u00e7\u00e3o de tipo: Efetivo \u2013 CLT<\/li>\n<li>Jornada: Per\u00edodo Integral<\/li>\n<li>\u00c1rea e especializa\u00e7\u00e3o profissional: Comercial, Vendas &#8211; Venda Interna<\/li>\n<li>N\u00edvel hier\u00e1rquico: Operacional<\/li>\n<\/ul>\n<p>VALORIZADO<\/p>\n<p>Tempo de experi\u00eancia: Entre 1 e 3 anos<\/p>\n<p>Escolaridade M\u00ednima: Ensino M\u00e9dio (2\u00ba Grau)<\/p>\n<ul>\n<li>Vale transporte<\/li>\n<li>Comiss\u00f5es<\/li>\n<\/ul>\n<p>Sal\u00e1rio: 4000,0<\/p>\n","protected":false},"excerpt":{"rendered":"<p>Estamos em busca de um Vendedor Interno para se juntar \u00e0 nossa equipe. O cargo oferece a oportunidade de contribuir para o crescimento e o sucesso da empresa, trabalhando em um ambiente din\u00e2mico e colaborativo. Fun\u00e7\u00f5es: Gerenciar o processo de vendas internas; Acompanhar pedidos online e presencial; Atividades de promo\u00e7\u00e3o e divulga\u00e7\u00e3o de produtos; Acompanhar [&hellip;]<\/p>\n","protected":false},"author":1,"featured_media":0,"comment_status":"open","ping_status":"open","sticky":false,"template":"","format":"standard","meta":{"footnotes":""},"categories":[21],"tags":[],"class_list":["post-2334","post","type-post","status-publish","format-standard","hentry","category-rio-de-janeiro-rj"],"_links":{"self":[{"href":"https:\/\/vagas.portalemprego.com.br\/index.php?rest_route=\/wp\/v2\/posts\/2334","targetHints":{"allow":["GET"]}}],"collection":[{"href":"https:\/\/vagas.portalemprego.com.br\/index.php?rest_route=\/wp\/v2\/posts"}],"about":[{"href":"https:\/\/vagas.portalemprego.com.br\/index.php?rest_route=\/wp\/v2\/types\/post"}],"author":[{"embeddable":true,"href":"https:\/\/vagas.portalemprego.com.br\/index.php?rest_route=\/wp\/v2\/users\/1"}],"replies":[{"embeddable":true,"href":"https:\/\/vagas.portalemprego.com.br\/index.php?rest_route=%2Fwp%2Fv2%2Fcomments&post=2334"}],"version-history":[{"count":0,"href":"https:\/\/vagas.portalemprego.com.br\/index.php?rest_route=\/wp\/v2\/posts\/2334\/revisions"}],"wp:attachment":[{"href":"https:\/\/vagas.portalemprego.com.br\/index.php?rest_route=%2Fwp%2Fv2%2Fmedia&parent=2334"}],"wp:term":[{"taxonomy":"category","embeddable":true,"href":"https:\/\/vagas.portalemprego.com.br\/index.php?rest_route=%2Fwp%2Fv2%2Fcategories&post=2334"},{"taxonomy":"post_tag","embeddable":true,"href":"https:\/\/vagas.portalemprego.com.br\/index.php?rest_route=%2Fwp%2Fv2%2Ftags&post=2334"}],"curies":[{"name":"wp","href":"https:\/\/api.w.org\/{rel}","templated":true}]}}