{"id":2337,"date":"2026-04-29T06:29:29","date_gmt":"2026-04-29T09:29:29","guid":{"rendered":"https:\/\/vagas.portalemprego.com.br\/?p=2337"},"modified":"2026-04-29T06:29:29","modified_gmt":"2026-04-29T09:29:29","slug":"supervisor-de-telecomunicacoes-niteroi-informatica-ti-telecomunicacoes-niteroi","status":"publish","type":"post","link":"https:\/\/vagas.portalemprego.com.br\/?p=2337","title":{"rendered":"Supervisor de Telecomunica\u00e7\u00f5es (Niteroi) &#8211; Inform\u00e1tica, TI, Telecomunica\u00e7\u00f5es &#8211; Niter\u00f3i"},"content":{"rendered":"<p>Atividade:<br \/>\nLidera equipes de campo e operacionais, focando na instala\u00e7\u00e3o, manuten\u00e7\u00e3o e reparo de redes. \u00c9 respons\u00e1vel por garantir o cumprimento de metas, cronogramas de projetos, padr\u00f5es de seguran\u00e7a (EPIs) e qualidade t\u00e9cnica.<br \/>\nRequisitos:<br \/>\nExperi\u00eancia pr\u00e9via no m\u00ednimo 6 meses na \u00e1rea de telecomunica\u00e7\u00f5es;<br \/>\nHabilidade no uso de ferramentas de medi\u00e7\u00e3o e diagn\u00f3stico;<br \/>\nCNH categoria B;<br \/>\nBoa comunica\u00e7\u00e3o e orienta\u00e7\u00e3o para o atendimento ao cliente;<br \/>\nDisponibilidade para trabalho em regime rotativo e\/ou fins de semana.<br \/>\nBenef\u00edcios:<br \/>\nSal\u00e1rio compat\u00edvel com o mercado<br \/>\nProdutividade atrativa<br \/>\nVale refei\u00e7\u00e3o (VR flex\u00edvel)<br \/>\nVale Transporte<br \/>\nPlano de Sa\u00fade<br \/>\nPlano Odontol\u00f3gico<br \/>\nDisponibilidade de agregamento de ve\u00edculo<br \/>\nVale Combust\u00edvel<br \/>\nTotal Pass<br \/>\nDay Off de aniver\u00e1rio<\/p>\n<ul>\n<li>Local de trabalho: Niter\u00f3i, RJ<\/li>\n<li>Regime de contrata\u00e7\u00e3o de tipo: Efetivo \u2013 CLT<\/li>\n<li>Jornada: Per\u00edodo Integral<\/li>\n<li>\u00c1rea e especializa\u00e7\u00e3o profissional: Inform\u00e1tica, TI, Telecomunica\u00e7\u00f5es &#8211; Telecomunica\u00e7\u00f5es<\/li>\n<li>N\u00edvel hier\u00e1rquico: Supervisor<\/li>\n<\/ul>\n<p>Escolaridade M\u00ednima: Ensino M\u00e9dio (2\u00ba Grau)<\/p>\n<p>Sal\u00e1rio: 3475,67<\/p>\n","protected":false},"excerpt":{"rendered":"<p>Atividade: Lidera equipes de campo e operacionais, focando na instala\u00e7\u00e3o, manuten\u00e7\u00e3o e reparo de redes. \u00c9 respons\u00e1vel por garantir o cumprimento de metas, cronogramas de projetos, padr\u00f5es de seguran\u00e7a (EPIs) e qualidade t\u00e9cnica. Requisitos: Experi\u00eancia pr\u00e9via no m\u00ednimo 6 meses na \u00e1rea de telecomunica\u00e7\u00f5es; Habilidade no uso de ferramentas de medi\u00e7\u00e3o e diagn\u00f3stico; CNH categoria [&hellip;]<\/p>\n","protected":false},"author":1,"featured_media":0,"comment_status":"open","ping_status":"open","sticky":false,"template":"","format":"standard","meta":{"footnotes":""},"categories":[21],"tags":[],"class_list":["post-2337","post","type-post","status-publish","format-standard","hentry","category-rio-de-janeiro-rj"],"_links":{"self":[{"href":"https:\/\/vagas.portalemprego.com.br\/index.php?rest_route=\/wp\/v2\/posts\/2337","targetHints":{"allow":["GET"]}}],"collection":[{"href":"https:\/\/vagas.portalemprego.com.br\/index.php?rest_route=\/wp\/v2\/posts"}],"about":[{"href":"https:\/\/vagas.portalemprego.com.br\/index.php?rest_route=\/wp\/v2\/types\/post"}],"author":[{"embeddable":true,"href":"https:\/\/vagas.portalemprego.com.br\/index.php?rest_route=\/wp\/v2\/users\/1"}],"replies":[{"embeddable":true,"href":"https:\/\/vagas.portalemprego.com.br\/index.php?rest_route=%2Fwp%2Fv2%2Fcomments&post=2337"}],"version-history":[{"count":0,"href":"https:\/\/vagas.portalemprego.com.br\/index.php?rest_route=\/wp\/v2\/posts\/2337\/revisions"}],"wp:attachment":[{"href":"https:\/\/vagas.portalemprego.com.br\/index.php?rest_route=%2Fwp%2Fv2%2Fmedia&parent=2337"}],"wp:term":[{"taxonomy":"category","embeddable":true,"href":"https:\/\/vagas.portalemprego.com.br\/index.php?rest_route=%2Fwp%2Fv2%2Fcategories&post=2337"},{"taxonomy":"post_tag","embeddable":true,"href":"https:\/\/vagas.portalemprego.com.br\/index.php?rest_route=%2Fwp%2Fv2%2Ftags&post=2337"}],"curies":[{"name":"wp","href":"https:\/\/api.w.org\/{rel}","templated":true}]}}