{"id":2338,"date":"2026-04-29T06:29:29","date_gmt":"2026-04-29T09:29:29","guid":{"rendered":"https:\/\/vagas.portalemprego.com.br\/?p=2338"},"modified":"2026-04-29T06:29:29","modified_gmt":"2026-04-29T09:29:29","slug":"operador-de-cartao-atacadao-resende-comercial-vendas-resende","status":"publish","type":"post","link":"https:\/\/vagas.portalemprego.com.br\/?p=2338","title":{"rendered":"OPERADOR DE CART\u00c3O &#8211; ATACAD\u00c3O RESENDE &#8211; Comercial, Vendas &#8211; Resende"},"content":{"rendered":"<p>Estamos buscando profissionais dedicados para integrar nossa equipe como Operador Comercial de Cart\u00e3o para o nosso cliente ATACAD\u00c3O RESENDE.<\/p>\n<p>Responsabilidades:<br \/>\nRealizar o atendimento aos clientes com presteza e agilidade, para garantir a satisfa\u00e7\u00e3o do cliente e a fideliza\u00e7\u00e3o do mesmo;<br \/>\nPromover as vendas da empresa para atingir as metas estabelecidas, visando o crescimento do faturamento;<br \/>\nAtender e acompanhar demandas espec\u00edficas de cada cliente, al\u00e9m de esclarecer d\u00favidas sobre produtos,servi\u00e7os;<\/p>\n<p>Requisitos:<\/p>\n<p>&#8211; Ensino m\u00e9dio completo;<br \/>\n&#8211; Experi\u00eancia em vendas ou que tenha uma no\u00e7\u00e3o;<br \/>\n&#8211; Conhecimentos em t\u00e9cnicas de vendas;<br \/>\n&#8211; Boa comunica\u00e7\u00e3o verbal e escrita;<br \/>\n&#8211; Habilidade em lidar com pessoas<\/p>\n<p>Sal\u00e1rio R$ 2.205,00<br \/>\nHor\u00e1rio de trabalho 12:00 \u00e0s 20:20<br \/>\nEscala 6X1 de Segunda a Sabado<br \/>\nVale transporte<br \/>\nRefei\u00e7\u00e3o no local<br \/>\nSeguro de vida<\/p>\n<p>Local de trabalho : Atacad\u00e3o Resende &#8211; Av. Francisco Fortes Filho, 5 &#8211; Jardim Alianca, Resende &#8211; RJ, 27525-598<\/p>\n<ul>\n<li>Local de trabalho: Resende, RJ<\/li>\n<li>Regime de contrata\u00e7\u00e3o de tipo: Tempor\u00e1rio<\/li>\n<li>Jornada: Parcial tardes<\/li>\n<li>\u00c1rea e especializa\u00e7\u00e3o profissional: Comercial, Vendas &#8211; Atendimento<\/li>\n<li>N\u00edvel hier\u00e1rquico: Operacional<\/li>\n<\/ul>\n<p>VALORIZADO<\/p>\n<p>Tempo de experi\u00eancia: Entre 1 e 3 anos<\/p>\n<p>HABILIDADES<\/p>\n<ul>\n<li>Atendimento ao cliente<\/li>\n<\/ul>\n<p>Escolaridade M\u00ednima: Ensino M\u00e9dio (2\u00ba Grau)<\/p>\n<p>Forma\u00e7\u00e3o desejada:<\/p>\n<ul>\n<li>Ensino M\u00e9dio (2\u00ba Grau)<\/li>\n<\/ul>\n<ul>\n<li>VALE TRANSPORTE , REFEI\u00c7\u00c3O NO LOCAL E SEGURO DE VIDA<\/li>\n<\/ul>\n<p>Sal\u00e1rio: 2205,0<\/p>\n","protected":false},"excerpt":{"rendered":"<p>Estamos buscando profissionais dedicados para integrar nossa equipe como Operador Comercial de Cart\u00e3o para o nosso cliente ATACAD\u00c3O RESENDE. Responsabilidades: Realizar o atendimento aos clientes com presteza e agilidade, para garantir a satisfa\u00e7\u00e3o do cliente e a fideliza\u00e7\u00e3o do mesmo; Promover as vendas da empresa para atingir as metas estabelecidas, visando o crescimento do faturamento; [&hellip;]<\/p>\n","protected":false},"author":1,"featured_media":0,"comment_status":"open","ping_status":"open","sticky":false,"template":"","format":"standard","meta":{"footnotes":""},"categories":[21],"tags":[],"class_list":["post-2338","post","type-post","status-publish","format-standard","hentry","category-rio-de-janeiro-rj"],"_links":{"self":[{"href":"https:\/\/vagas.portalemprego.com.br\/index.php?rest_route=\/wp\/v2\/posts\/2338","targetHints":{"allow":["GET"]}}],"collection":[{"href":"https:\/\/vagas.portalemprego.com.br\/index.php?rest_route=\/wp\/v2\/posts"}],"about":[{"href":"https:\/\/vagas.portalemprego.com.br\/index.php?rest_route=\/wp\/v2\/types\/post"}],"author":[{"embeddable":true,"href":"https:\/\/vagas.portalemprego.com.br\/index.php?rest_route=\/wp\/v2\/users\/1"}],"replies":[{"embeddable":true,"href":"https:\/\/vagas.portalemprego.com.br\/index.php?rest_route=%2Fwp%2Fv2%2Fcomments&post=2338"}],"version-history":[{"count":0,"href":"https:\/\/vagas.portalemprego.com.br\/index.php?rest_route=\/wp\/v2\/posts\/2338\/revisions"}],"wp:attachment":[{"href":"https:\/\/vagas.portalemprego.com.br\/index.php?rest_route=%2Fwp%2Fv2%2Fmedia&parent=2338"}],"wp:term":[{"taxonomy":"category","embeddable":true,"href":"https:\/\/vagas.portalemprego.com.br\/index.php?rest_route=%2Fwp%2Fv2%2Fcategories&post=2338"},{"taxonomy":"post_tag","embeddable":true,"href":"https:\/\/vagas.portalemprego.com.br\/index.php?rest_route=%2Fwp%2Fv2%2Ftags&post=2338"}],"curies":[{"name":"wp","href":"https:\/\/api.w.org\/{rel}","templated":true}]}}