{"id":2339,"date":"2026-04-29T06:29:29","date_gmt":"2026-04-29T09:29:29","guid":{"rendered":"https:\/\/vagas.portalemprego.com.br\/?p=2339"},"modified":"2026-04-29T06:29:29","modified_gmt":"2026-04-29T09:29:29","slug":"mecanico-de-manutencao-i-construcao-manutencao-petropolis","status":"publish","type":"post","link":"https:\/\/vagas.portalemprego.com.br\/?p=2339","title":{"rendered":"MECANICO DE MANUTENCAO I &#8211; Constru\u00e7\u00e3o, Manuten\u00e7\u00e3o &#8211; Petr\u00f3polis"},"content":{"rendered":"<p>Realizar manuten\u00e7\u00e3o em instala\u00e7\u00f5es e infraestrutura de m\u00e1quinas, equipamentos, dispositivos e sistemas mec\u00e2nicos e hidropneum\u00e1ticos, efetuando desmontagens e montagens, substitui\u00e7\u00f5es, modifica\u00e7\u00f5es, recupera\u00e7\u00f5es e\/ou troca de pe\u00e7as, alinhamentos, ajustes, de forma a atender as especifica\u00e7\u00f5es constantes nas Ordens de Servi\u00e7os<\/p>\n<ul>\n<li>Local de trabalho: Petr\u00f3polis, RJ<\/li>\n<li>Regime de contrata\u00e7\u00e3o de tipo: Efetivo \u2013 CLT<\/li>\n<li>Jornada: Per\u00edodo Integral<\/li>\n<li>\u00c1rea e especializa\u00e7\u00e3o profissional: Constru\u00e7\u00e3o, Manuten\u00e7\u00e3o &#8211; Manuten\u00e7\u00e3o em Geral<\/li>\n<li>N\u00edvel hier\u00e1rquico: Operacional<\/li>\n<\/ul>\n<p>Escolaridade M\u00ednima: Curso T\u00e9cnico<\/p>\n<p>Sal\u00e1rio: 2445,22<\/p>\n","protected":false},"excerpt":{"rendered":"<p>Realizar manuten\u00e7\u00e3o em instala\u00e7\u00f5es e infraestrutura de m\u00e1quinas, equipamentos, dispositivos e sistemas mec\u00e2nicos e hidropneum\u00e1ticos, efetuando desmontagens e montagens, substitui\u00e7\u00f5es, modifica\u00e7\u00f5es, recupera\u00e7\u00f5es e\/ou troca de pe\u00e7as, alinhamentos, ajustes, de forma a atender as especifica\u00e7\u00f5es constantes nas Ordens de Servi\u00e7os Local de trabalho: Petr\u00f3polis, RJ Regime de contrata\u00e7\u00e3o de tipo: Efetivo \u2013 CLT Jornada: Per\u00edodo Integral [&hellip;]<\/p>\n","protected":false},"author":1,"featured_media":0,"comment_status":"open","ping_status":"open","sticky":false,"template":"","format":"standard","meta":{"footnotes":""},"categories":[21],"tags":[],"class_list":["post-2339","post","type-post","status-publish","format-standard","hentry","category-rio-de-janeiro-rj"],"_links":{"self":[{"href":"https:\/\/vagas.portalemprego.com.br\/index.php?rest_route=\/wp\/v2\/posts\/2339","targetHints":{"allow":["GET"]}}],"collection":[{"href":"https:\/\/vagas.portalemprego.com.br\/index.php?rest_route=\/wp\/v2\/posts"}],"about":[{"href":"https:\/\/vagas.portalemprego.com.br\/index.php?rest_route=\/wp\/v2\/types\/post"}],"author":[{"embeddable":true,"href":"https:\/\/vagas.portalemprego.com.br\/index.php?rest_route=\/wp\/v2\/users\/1"}],"replies":[{"embeddable":true,"href":"https:\/\/vagas.portalemprego.com.br\/index.php?rest_route=%2Fwp%2Fv2%2Fcomments&post=2339"}],"version-history":[{"count":0,"href":"https:\/\/vagas.portalemprego.com.br\/index.php?rest_route=\/wp\/v2\/posts\/2339\/revisions"}],"wp:attachment":[{"href":"https:\/\/vagas.portalemprego.com.br\/index.php?rest_route=%2Fwp%2Fv2%2Fmedia&parent=2339"}],"wp:term":[{"taxonomy":"category","embeddable":true,"href":"https:\/\/vagas.portalemprego.com.br\/index.php?rest_route=%2Fwp%2Fv2%2Fcategories&post=2339"},{"taxonomy":"post_tag","embeddable":true,"href":"https:\/\/vagas.portalemprego.com.br\/index.php?rest_route=%2Fwp%2Fv2%2Ftags&post=2339"}],"curies":[{"name":"wp","href":"https:\/\/api.w.org\/{rel}","templated":true}]}}